{"id":2212,"date":"2024-07-31T11:50:47","date_gmt":"2024-07-31T10:50:47","guid":{"rendered":"https:\/\/cruzverde.pt\/?p=2212"},"modified":"2026-06-19T12:00:14","modified_gmt":"2026-06-19T11:00:14","slug":"pneumologia-e-saude-respiratoria","status":"publish","type":"post","link":"https:\/\/cruzverde.pt\/en\/pneumologia-e-saude-respiratoria\/","title":{"rendered":"Pneumologia e Sa\u00fade Respirat\u00f3ria"},"content":{"rendered":"\n<p class=\"wp-block-paragraph\"><strong>O Prof. Doutor Duarte Ara\u00fajo, relata algumas hist\u00f3rias com o intuito de alertar sobre o benef\u00edcio do aconselhamento precoce das doen\u00e7as respirat\u00f3rias:<\/strong><\/p>\n\n\n\n<p class=\"wp-block-paragraph\"><br><em>Hist\u00f3ria 1<\/em><br>Diamantino Silva, de 55 anos, h\u00e1 muito que sentia tosse e expetora\u00e7\u00e3o, pelo menos durante a manh\u00e3. Todas as manh\u00e3s. Como fumava muito, atribu\u00eda as queixas ao tabaco. De ver\u00e3o custava-lhe a respirar, culpava o calor. De inverno tossia tanto que ao almo\u00e7o se engasgava com a sopa e \u00e0 noite parecia que tinha a tosse escondida dentro na travesseira. Ent\u00e3o culpava o frio e a chuva, mas sobretudo o vento, nos dias mais rigorosos. A esposa tanto andou que o conseguiu levar, contra vontade, a uma consulta de pneumologia. Ao final de alguns dias sentia-se como novo, j\u00e1 n\u00e3o se lembrava de se sentir t\u00e3o bem \u2013 \u00abfoi como quem deitou \u00e1gua no lume, mulher!\u00bb Sabia que tinha de ganhar coragem para deixar de fumar, claro, mas deixara de ter medo das costeiras ou de contar os lan\u00e7os de escadas do pr\u00e9dio onde vivia. Afinal era a \u00abbronquite\u00bb, em que se recusara a acreditar. No seu caso estava relacionada com o tabaco, mas sabia agora que quase metade das pessoas com esta doen\u00e7a nunca fumaram, sobretudo senhoras.<\/p>\n\n\n\n<p class=\"wp-block-paragraph\"><br>A doen\u00e7a pulmonar obstrutiva cr\u00f3nica \u00e9 uma doen\u00e7a insidiosa e progressiva. T\u00e3o trai\u00e7oeira que \u00e9 a 3\u00aa causa de morte a n\u00edvel mundial. Mas \u00e9 trat\u00e1vel, e com resultados tanto melhores quando mais cedo se procurar ajuda.&nbsp;<\/p>\n\n\n\n<p class=\"wp-block-paragraph\"><em>Hist\u00f3ria 2<\/em><br>In\u00eas Silva, 18 anos, nunca mais foi a mesma desde que veio estudar para Guimar\u00e3es. Raros eram os dias que n\u00e3o tivesse pieira, geralmente ao anoitecer. A tosse era t\u00e3o irritativa que lhe apetecia meter os dedos pela garganta abaixo, e co\u00e7ar at\u00e9 ficar bem. Tinham-lhe dito que em crian\u00e7a de colo andava sempre a fazer bronquiolites, mais crescida ainda se lembrava de evitar as aulas de educa\u00e7\u00e3o f\u00edsica, por n\u00e3o suportar os exerc\u00edcios mais exigentes ou estar sempre constipada. Seria do novo quarto que alugara agora, mais velho e h\u00famido? Seria o stress da mudan\u00e7a de cidade, ou das novas responsabilidades, na universidade? Teria de abandonar a tuna feminina, onde tanto gostava de cantar?<\/p>\n\n\n\n<p class=\"wp-block-paragraph\"><br>A asma br\u00f4nquica \u00e9 uma doen\u00e7a respirat\u00f3ria extremamente frequente. \u00c9 t\u00e3o heterog\u00e9nea que \u00e0s vezes nem os doentes nem os m\u00e9dicos dela desconfiam, pelo menos no in\u00edcio. E, no entanto, quase todos os doentes podem voltar a andar completamente bem, sem queixas, com vidas perfeitamente normais. \u00c9 este o desafio do pneumologista, a total realiza\u00e7\u00e3o dos doentes \u2013 no trabalho, na escola, no desporto e nas brincadeiras. Porque a vida \u00e9 divertida.<\/p>\n","protected":false},"excerpt":{"rendered":"<p>O Prof. Doutor Duarte Ara\u00fajo, relata algumas hist\u00f3rias com o intuito de alertar sobre o benef\u00edcio do aconselhamento precoce das doen\u00e7as respirat\u00f3rias: Hist\u00f3ria 1Diamantino Silva, de 55 anos, h\u00e1 muito que sentia tosse e expetora\u00e7\u00e3o, pelo menos durante a manh\u00e3. Todas as manh\u00e3s. Como fumava muito, atribu\u00eda as queixas ao tabaco. De ver\u00e3o custava-lhe a [&hellip;]<\/p>\n","protected":false},"author":1,"featured_media":2213,"comment_status":"closed","ping_status":"closed","sticky":false,"template":"","format":"standard","meta":{"_acf_changed":false,"inline_featured_image":false,"footnotes":""},"categories":[112],"tags":[],"class_list":["post-2212","post","type-post","status-publish","format-standard","has-post-thumbnail","hentry","category-saude-respiratoria"],"acf":[],"yoast_head":"<!-- This site is optimized with the Yoast SEO plugin v27.8 - https:\/\/yoast.com\/product\/yoast-seo-wordpress\/ -->\n<title>Pneumologia e Sa\u00fade Respirat\u00f3ria - Cruz Verde<\/title>\n<meta name=\"robots\" content=\"index, follow, max-snippet:-1, max-image-preview:large, max-video-preview:-1\" \/>\n<link rel=\"canonical\" href=\"https:\/\/cruzverde.pt\/en\/pneumologia-e-saude-respiratoria\/\" \/>\n<meta property=\"og:locale\" content=\"en_US\" \/>\n<meta property=\"og:type\" content=\"article\" \/>\n<meta property=\"og:title\" content=\"Pneumologia e Sa\u00fade Respirat\u00f3ria - Cruz Verde\" \/>\n<meta property=\"og:description\" content=\"O Prof. Doutor Duarte Ara\u00fajo, relata algumas hist\u00f3rias com o intuito de alertar sobre o benef\u00edcio do aconselhamento precoce das doen\u00e7as respirat\u00f3rias: Hist\u00f3ria 1Diamantino Silva, de 55 anos, h\u00e1 muito que sentia tosse e expetora\u00e7\u00e3o, pelo menos durante a manh\u00e3. Todas as manh\u00e3s. Como fumava muito, atribu\u00eda as queixas ao tabaco. De ver\u00e3o custava-lhe a [&hellip;]\" \/>\n<meta property=\"og:url\" content=\"https:\/\/cruzverde.pt\/en\/pneumologia-e-saude-respiratoria\/\" \/>\n<meta property=\"og:site_name\" content=\"Cruz Verde\" \/>\n<meta property=\"article:published_time\" content=\"2024-07-31T10:50:47+00:00\" \/>\n<meta property=\"article:modified_time\" content=\"2026-06-19T11:00:14+00:00\" \/>\n<meta property=\"og:image\" content=\"https:\/\/cruzverde.pt\/wp-content\/uploads\/2026\/06\/prof-dr-duarte-araujo.jpg\" \/>\n\t<meta property=\"og:image:width\" content=\"1200\" \/>\n\t<meta property=\"og:image:height\" content=\"900\" \/>\n\t<meta property=\"og:image:type\" content=\"image\/jpeg\" \/>\n<meta name=\"author\" content=\"master\" \/>\n<meta name=\"twitter:card\" content=\"summary_large_image\" \/>\n<meta name=\"twitter:label1\" content=\"Written by\" \/>\n\t<meta name=\"twitter:data1\" content=\"master\" \/>\n\t<meta name=\"twitter:label2\" content=\"Est. reading time\" \/>\n\t<meta name=\"twitter:data2\" content=\"3 minutes\" \/>\n<script type=\"application\/ld+json\" class=\"yoast-schema-graph\">{\"@context\":\"https:\\\/\\\/schema.org\",\"@graph\":[{\"@type\":\"Article\",\"@id\":\"https:\\\/\\\/cruzverde.pt\\\/en\\\/pneumologia-e-saude-respiratoria\\\/#article\",\"isPartOf\":{\"@id\":\"https:\\\/\\\/cruzverde.pt\\\/en\\\/pneumologia-e-saude-respiratoria\\\/\"},\"author\":{\"name\":\"master\",\"@id\":\"https:\\\/\\\/cruzverde.pt\\\/en\\\/#\\\/schema\\\/person\\\/8d69cb30614c6954586bc1face84c15d\"},\"headline\":\"Pneumologia e Sa\u00fade Respirat\u00f3ria\",\"datePublished\":\"2024-07-31T10:50:47+00:00\",\"dateModified\":\"2026-06-19T11:00:14+00:00\",\"mainEntityOfPage\":{\"@id\":\"https:\\\/\\\/cruzverde.pt\\\/en\\\/pneumologia-e-saude-respiratoria\\\/\"},\"wordCount\":465,\"publisher\":{\"@id\":\"https:\\\/\\\/cruzverde.pt\\\/en\\\/#organization\"},\"image\":{\"@id\":\"https:\\\/\\\/cruzverde.pt\\\/en\\\/pneumologia-e-saude-respiratoria\\\/#primaryimage\"},\"thumbnailUrl\":\"https:\\\/\\\/cruzverde.pt\\\/wp-content\\\/uploads\\\/2026\\\/06\\\/prof-dr-duarte-araujo.jpg\",\"articleSection\":[\"Sa\u00fade Respirat\u00f3ria\"],\"inLanguage\":\"en-US\"},{\"@type\":\"WebPage\",\"@id\":\"https:\\\/\\\/cruzverde.pt\\\/en\\\/pneumologia-e-saude-respiratoria\\\/\",\"url\":\"https:\\\/\\\/cruzverde.pt\\\/en\\\/pneumologia-e-saude-respiratoria\\\/\",\"name\":\"Pneumologia e Sa\u00fade Respirat\u00f3ria - Cruz Verde\",\"isPartOf\":{\"@id\":\"https:\\\/\\\/cruzverde.pt\\\/en\\\/#website\"},\"primaryImageOfPage\":{\"@id\":\"https:\\\/\\\/cruzverde.pt\\\/en\\\/pneumologia-e-saude-respiratoria\\\/#primaryimage\"},\"image\":{\"@id\":\"https:\\\/\\\/cruzverde.pt\\\/en\\\/pneumologia-e-saude-respiratoria\\\/#primaryimage\"},\"thumbnailUrl\":\"https:\\\/\\\/cruzverde.pt\\\/wp-content\\\/uploads\\\/2026\\\/06\\\/prof-dr-duarte-araujo.jpg\",\"datePublished\":\"2024-07-31T10:50:47+00:00\",\"dateModified\":\"2026-06-19T11:00:14+00:00\",\"breadcrumb\":{\"@id\":\"https:\\\/\\\/cruzverde.pt\\\/en\\\/pneumologia-e-saude-respiratoria\\\/#breadcrumb\"},\"inLanguage\":\"en-US\",\"potentialAction\":[{\"@type\":\"ReadAction\",\"target\":[\"https:\\\/\\\/cruzverde.pt\\\/en\\\/pneumologia-e-saude-respiratoria\\\/\"]}]},{\"@type\":\"ImageObject\",\"inLanguage\":\"en-US\",\"@id\":\"https:\\\/\\\/cruzverde.pt\\\/en\\\/pneumologia-e-saude-respiratoria\\\/#primaryimage\",\"url\":\"https:\\\/\\\/cruzverde.pt\\\/wp-content\\\/uploads\\\/2026\\\/06\\\/prof-dr-duarte-araujo.jpg\",\"contentUrl\":\"https:\\\/\\\/cruzverde.pt\\\/wp-content\\\/uploads\\\/2026\\\/06\\\/prof-dr-duarte-araujo.jpg\",\"width\":1200,\"height\":900,\"caption\":\"prof dr duarte araujo\"},{\"@type\":\"BreadcrumbList\",\"@id\":\"https:\\\/\\\/cruzverde.pt\\\/en\\\/pneumologia-e-saude-respiratoria\\\/#breadcrumb\",\"itemListElement\":[{\"@type\":\"ListItem\",\"position\":1,\"name\":\"Home\",\"item\":\"https:\\\/\\\/cruzverde.pt\\\/en\\\/\"},{\"@type\":\"ListItem\",\"position\":2,\"name\":\"Pneumologia e Sa\u00fade Respirat\u00f3ria\"}]},{\"@type\":\"WebSite\",\"@id\":\"https:\\\/\\\/cruzverde.pt\\\/en\\\/#website\",\"url\":\"https:\\\/\\\/cruzverde.pt\\\/en\\\/\",\"name\":\"Cruz Verde\",\"description\":\"My WordPress Blog\",\"publisher\":{\"@id\":\"https:\\\/\\\/cruzverde.pt\\\/en\\\/#organization\"},\"potentialAction\":[{\"@type\":\"SearchAction\",\"target\":{\"@type\":\"EntryPoint\",\"urlTemplate\":\"https:\\\/\\\/cruzverde.pt\\\/en\\\/?s={search_term_string}\"},\"query-input\":{\"@type\":\"PropertyValueSpecification\",\"valueRequired\":true,\"valueName\":\"search_term_string\"}}],\"inLanguage\":\"en-US\"},{\"@type\":\"Organization\",\"@id\":\"https:\\\/\\\/cruzverde.pt\\\/en\\\/#organization\",\"name\":\"Cruz Verde\",\"url\":\"https:\\\/\\\/cruzverde.pt\\\/en\\\/\",\"logo\":{\"@type\":\"ImageObject\",\"inLanguage\":\"en-US\",\"@id\":\"https:\\\/\\\/cruzverde.pt\\\/en\\\/#\\\/schema\\\/logo\\\/image\\\/\",\"url\":\"https:\\\/\\\/cruzverde.pt\\\/wp-content\\\/uploads\\\/2026\\\/05\\\/CV-com-frase-Horizontal-logotipo_big-Converted.png\",\"contentUrl\":\"https:\\\/\\\/cruzverde.pt\\\/wp-content\\\/uploads\\\/2026\\\/05\\\/CV-com-frase-Horizontal-logotipo_big-Converted.png\",\"width\":1701,\"height\":392,\"caption\":\"Cruz Verde\"},\"image\":{\"@id\":\"https:\\\/\\\/cruzverde.pt\\\/en\\\/#\\\/schema\\\/logo\\\/image\\\/\"}},{\"@type\":\"Person\",\"@id\":\"https:\\\/\\\/cruzverde.pt\\\/en\\\/#\\\/schema\\\/person\\\/8d69cb30614c6954586bc1face84c15d\",\"name\":\"master\",\"image\":{\"@type\":\"ImageObject\",\"inLanguage\":\"en-US\",\"@id\":\"https:\\\/\\\/secure.gravatar.com\\\/avatar\\\/7bb03eb4f12f9181edab20be17f0576353a096fec16b60ef6c49c5f7ad1208cc?s=96&d=mm&r=g\",\"url\":\"https:\\\/\\\/secure.gravatar.com\\\/avatar\\\/7bb03eb4f12f9181edab20be17f0576353a096fec16b60ef6c49c5f7ad1208cc?s=96&d=mm&r=g\",\"contentUrl\":\"https:\\\/\\\/secure.gravatar.com\\\/avatar\\\/7bb03eb4f12f9181edab20be17f0576353a096fec16b60ef6c49c5f7ad1208cc?s=96&d=mm&r=g\",\"caption\":\"master\"},\"sameAs\":[\"https:\\\/\\\/cruzverde.pt\"],\"url\":\"https:\\\/\\\/cruzverde.pt\\\/en\\\/author\\\/master\\\/\"}]}<\/script>\n<!-- \/ Yoast SEO plugin. -->","yoast_head_json":{"title":"Pneumologia e Sa\u00fade Respirat\u00f3ria - Cruz Verde","robots":{"index":"index","follow":"follow","max-snippet":"max-snippet:-1","max-image-preview":"max-image-preview:large","max-video-preview":"max-video-preview:-1"},"canonical":"https:\/\/cruzverde.pt\/en\/pneumologia-e-saude-respiratoria\/","og_locale":"en_US","og_type":"article","og_title":"Pneumologia e Sa\u00fade Respirat\u00f3ria - Cruz Verde","og_description":"O Prof. Doutor Duarte Ara\u00fajo, relata algumas hist\u00f3rias com o intuito de alertar sobre o benef\u00edcio do aconselhamento precoce das doen\u00e7as respirat\u00f3rias: Hist\u00f3ria 1Diamantino Silva, de 55 anos, h\u00e1 muito que sentia tosse e expetora\u00e7\u00e3o, pelo menos durante a manh\u00e3. Todas as manh\u00e3s. Como fumava muito, atribu\u00eda as queixas ao tabaco. De ver\u00e3o custava-lhe a [&hellip;]","og_url":"https:\/\/cruzverde.pt\/en\/pneumologia-e-saude-respiratoria\/","og_site_name":"Cruz Verde","article_published_time":"2024-07-31T10:50:47+00:00","article_modified_time":"2026-06-19T11:00:14+00:00","og_image":[{"width":1200,"height":900,"url":"https:\/\/cruzverde.pt\/wp-content\/uploads\/2026\/06\/prof-dr-duarte-araujo.jpg","type":"image\/jpeg"}],"author":"master","twitter_card":"summary_large_image","twitter_misc":{"Written by":"master","Est. reading time":"3 minutes"},"schema":{"@context":"https:\/\/schema.org","@graph":[{"@type":"Article","@id":"https:\/\/cruzverde.pt\/en\/pneumologia-e-saude-respiratoria\/#article","isPartOf":{"@id":"https:\/\/cruzverde.pt\/en\/pneumologia-e-saude-respiratoria\/"},"author":{"name":"master","@id":"https:\/\/cruzverde.pt\/en\/#\/schema\/person\/8d69cb30614c6954586bc1face84c15d"},"headline":"Pneumologia e Sa\u00fade Respirat\u00f3ria","datePublished":"2024-07-31T10:50:47+00:00","dateModified":"2026-06-19T11:00:14+00:00","mainEntityOfPage":{"@id":"https:\/\/cruzverde.pt\/en\/pneumologia-e-saude-respiratoria\/"},"wordCount":465,"publisher":{"@id":"https:\/\/cruzverde.pt\/en\/#organization"},"image":{"@id":"https:\/\/cruzverde.pt\/en\/pneumologia-e-saude-respiratoria\/#primaryimage"},"thumbnailUrl":"https:\/\/cruzverde.pt\/wp-content\/uploads\/2026\/06\/prof-dr-duarte-araujo.jpg","articleSection":["Sa\u00fade Respirat\u00f3ria"],"inLanguage":"en-US"},{"@type":"WebPage","@id":"https:\/\/cruzverde.pt\/en\/pneumologia-e-saude-respiratoria\/","url":"https:\/\/cruzverde.pt\/en\/pneumologia-e-saude-respiratoria\/","name":"Pneumologia e Sa\u00fade Respirat\u00f3ria - Cruz Verde","isPartOf":{"@id":"https:\/\/cruzverde.pt\/en\/#website"},"primaryImageOfPage":{"@id":"https:\/\/cruzverde.pt\/en\/pneumologia-e-saude-respiratoria\/#primaryimage"},"image":{"@id":"https:\/\/cruzverde.pt\/en\/pneumologia-e-saude-respiratoria\/#primaryimage"},"thumbnailUrl":"https:\/\/cruzverde.pt\/wp-content\/uploads\/2026\/06\/prof-dr-duarte-araujo.jpg","datePublished":"2024-07-31T10:50:47+00:00","dateModified":"2026-06-19T11:00:14+00:00","breadcrumb":{"@id":"https:\/\/cruzverde.pt\/en\/pneumologia-e-saude-respiratoria\/#breadcrumb"},"inLanguage":"en-US","potentialAction":[{"@type":"ReadAction","target":["https:\/\/cruzverde.pt\/en\/pneumologia-e-saude-respiratoria\/"]}]},{"@type":"ImageObject","inLanguage":"en-US","@id":"https:\/\/cruzverde.pt\/en\/pneumologia-e-saude-respiratoria\/#primaryimage","url":"https:\/\/cruzverde.pt\/wp-content\/uploads\/2026\/06\/prof-dr-duarte-araujo.jpg","contentUrl":"https:\/\/cruzverde.pt\/wp-content\/uploads\/2026\/06\/prof-dr-duarte-araujo.jpg","width":1200,"height":900,"caption":"prof dr duarte araujo"},{"@type":"BreadcrumbList","@id":"https:\/\/cruzverde.pt\/en\/pneumologia-e-saude-respiratoria\/#breadcrumb","itemListElement":[{"@type":"ListItem","position":1,"name":"Home","item":"https:\/\/cruzverde.pt\/en\/"},{"@type":"ListItem","position":2,"name":"Pneumologia e Sa\u00fade Respirat\u00f3ria"}]},{"@type":"WebSite","@id":"https:\/\/cruzverde.pt\/en\/#website","url":"https:\/\/cruzverde.pt\/en\/","name":"Cruz Verde","description":"My WordPress Blog","publisher":{"@id":"https:\/\/cruzverde.pt\/en\/#organization"},"potentialAction":[{"@type":"SearchAction","target":{"@type":"EntryPoint","urlTemplate":"https:\/\/cruzverde.pt\/en\/?s={search_term_string}"},"query-input":{"@type":"PropertyValueSpecification","valueRequired":true,"valueName":"search_term_string"}}],"inLanguage":"en-US"},{"@type":"Organization","@id":"https:\/\/cruzverde.pt\/en\/#organization","name":"Cruz Verde","url":"https:\/\/cruzverde.pt\/en\/","logo":{"@type":"ImageObject","inLanguage":"en-US","@id":"https:\/\/cruzverde.pt\/en\/#\/schema\/logo\/image\/","url":"https:\/\/cruzverde.pt\/wp-content\/uploads\/2026\/05\/CV-com-frase-Horizontal-logotipo_big-Converted.png","contentUrl":"https:\/\/cruzverde.pt\/wp-content\/uploads\/2026\/05\/CV-com-frase-Horizontal-logotipo_big-Converted.png","width":1701,"height":392,"caption":"Cruz Verde"},"image":{"@id":"https:\/\/cruzverde.pt\/en\/#\/schema\/logo\/image\/"}},{"@type":"Person","@id":"https:\/\/cruzverde.pt\/en\/#\/schema\/person\/8d69cb30614c6954586bc1face84c15d","name":"master","image":{"@type":"ImageObject","inLanguage":"en-US","@id":"https:\/\/secure.gravatar.com\/avatar\/7bb03eb4f12f9181edab20be17f0576353a096fec16b60ef6c49c5f7ad1208cc?s=96&d=mm&r=g","url":"https:\/\/secure.gravatar.com\/avatar\/7bb03eb4f12f9181edab20be17f0576353a096fec16b60ef6c49c5f7ad1208cc?s=96&d=mm&r=g","contentUrl":"https:\/\/secure.gravatar.com\/avatar\/7bb03eb4f12f9181edab20be17f0576353a096fec16b60ef6c49c5f7ad1208cc?s=96&d=mm&r=g","caption":"master"},"sameAs":["https:\/\/cruzverde.pt"],"url":"https:\/\/cruzverde.pt\/en\/author\/master\/"}]}},"_links":{"self":[{"href":"https:\/\/cruzverde.pt\/en\/wp-json\/wp\/v2\/posts\/2212","targetHints":{"allow":["GET"]}}],"collection":[{"href":"https:\/\/cruzverde.pt\/en\/wp-json\/wp\/v2\/posts"}],"about":[{"href":"https:\/\/cruzverde.pt\/en\/wp-json\/wp\/v2\/types\/post"}],"author":[{"embeddable":true,"href":"https:\/\/cruzverde.pt\/en\/wp-json\/wp\/v2\/users\/1"}],"replies":[{"embeddable":true,"href":"https:\/\/cruzverde.pt\/en\/wp-json\/wp\/v2\/comments?post=2212"}],"version-history":[{"count":1,"href":"https:\/\/cruzverde.pt\/en\/wp-json\/wp\/v2\/posts\/2212\/revisions"}],"predecessor-version":[{"id":2214,"href":"https:\/\/cruzverde.pt\/en\/wp-json\/wp\/v2\/posts\/2212\/revisions\/2214"}],"wp:featuredmedia":[{"embeddable":true,"href":"https:\/\/cruzverde.pt\/en\/wp-json\/wp\/v2\/media\/2213"}],"wp:attachment":[{"href":"https:\/\/cruzverde.pt\/en\/wp-json\/wp\/v2\/media?parent=2212"}],"wp:term":[{"taxonomy":"category","embeddable":true,"href":"https:\/\/cruzverde.pt\/en\/wp-json\/wp\/v2\/categories?post=2212"},{"taxonomy":"post_tag","embeddable":true,"href":"https:\/\/cruzverde.pt\/en\/wp-json\/wp\/v2\/tags?post=2212"}],"curies":[{"name":"wp","href":"https:\/\/api.w.org\/{rel}","templated":true}]}}