{"id":2224,"date":"2024-07-31T11:57:24","date_gmt":"2024-07-31T10:57:24","guid":{"rendered":"https:\/\/cruzverde.pt\/?p=2224"},"modified":"2026-06-19T12:00:24","modified_gmt":"2026-06-19T11:00:24","slug":"cancro-do-pulmao","status":"publish","type":"post","link":"https:\/\/cruzverde.pt\/en\/cancro-do-pulmao\/","title":{"rendered":"Cancro do Pulm\u00e3o"},"content":{"rendered":"\n<p class=\"wp-block-paragraph\"><strong>O Prof. Doutor Duarte Ara\u00fajo, relata:&nbsp;<\/strong><\/p>\n\n\n\n<p class=\"wp-block-paragraph\"><em>Dia mundial do cancro do pulm\u00e3o, 1 de agosto<\/em><\/p>\n\n\n\n<p class=\"wp-block-paragraph\">Boaventura da Cruz, 53 anos, advogado.&nbsp;<br>Fumador desde os 14 anos, h\u00e1 muito que, erradamente, havia considerado como normal a tosse e a expetora\u00e7\u00e3o com que acordava todos os dias. Porque come\u00e7ou a cansar mais que o habitual e a expetora\u00e7\u00e3o a aparecer \u00e0s vezes raiada de sangue, consultou o seu m\u00e9dico e fez uma radiografia do t\u00f3rax. Nessa altura ainda n\u00e3o sabia que a sua vida mudaria radicalmente, e que come\u00e7aria ent\u00e3o uma via-sacra para m\u00e9dicos e hospitais, com exames, consultas, mais exames, mais consultas, para n\u00e3o falar dos tratamentos. A esposa sabia que a compra do apartamento novo nunca era para ir para a frente, os filhos mais novos que iriam ter dificuldades em pagar as propinas, e os amigos diziam que bem o tinham sempre avisado, que fumava demasiado.&nbsp;<\/p>\n\n\n\n<p class=\"wp-block-paragraph\"><br>Boaventura, que deixou \u00e0 pressa de fumar logo que o pneumologista suspeitou do diagn\u00f3stico, achava que ainda ia a tempo, e fazia planos para o futuro: afinal h\u00e1 doentes que duram muitos anos, com tantos medicamentos novos que tem aparecido!&nbsp;<\/p>\n\n\n\n<p class=\"wp-block-paragraph\"><br>A fam\u00edlia rezava, no entanto, para que chegasse ao pr\u00f3ximo Natal, e a filha mais velha antecipou o casamento, para o pai a poder levar ao altar.&nbsp;<\/p>\n\n\n\n<p class=\"wp-block-paragraph\"><br>Faleceu no dia 23 de dezembro de 2022. Entre as dores \u00f3sseas e a falta de ar das \u00faltimas semanas, ningu\u00e9m suportava j\u00e1 tanto sofrimento.&nbsp;<\/p>\n","protected":false},"excerpt":{"rendered":"<p>O Prof. Doutor Duarte Ara\u00fajo, relata:&nbsp; Dia mundial do cancro do pulm\u00e3o, 1 de agosto Boaventura da Cruz, 53 anos, advogado.&nbsp;Fumador desde os 14 anos, h\u00e1 muito que, erradamente, havia considerado como normal a tosse e a expetora\u00e7\u00e3o com que acordava todos os dias. Porque come\u00e7ou a cansar mais que o habitual e a expetora\u00e7\u00e3o [&hellip;]<\/p>\n","protected":false},"author":1,"featured_media":2226,"comment_status":"closed","ping_status":"closed","sticky":false,"template":"","format":"standard","meta":{"_acf_changed":false,"inline_featured_image":false,"footnotes":""},"categories":[112],"tags":[],"class_list":["post-2224","post","type-post","status-publish","format-standard","has-post-thumbnail","hentry","category-saude-respiratoria"],"acf":[],"yoast_head":"<!-- This site is optimized with the Yoast SEO plugin v27.8 - https:\/\/yoast.com\/product\/yoast-seo-wordpress\/ -->\n<title>Cancro do Pulm\u00e3o - Cruz Verde<\/title>\n<meta name=\"robots\" content=\"index, follow, max-snippet:-1, max-image-preview:large, max-video-preview:-1\" \/>\n<link rel=\"canonical\" href=\"https:\/\/cruzverde.pt\/en\/cancro-do-pulmao\/\" \/>\n<meta property=\"og:locale\" content=\"en_US\" \/>\n<meta property=\"og:type\" content=\"article\" \/>\n<meta property=\"og:title\" content=\"Cancro do Pulm\u00e3o - Cruz Verde\" \/>\n<meta property=\"og:description\" content=\"O Prof. Doutor Duarte Ara\u00fajo, relata:&nbsp; Dia mundial do cancro do pulm\u00e3o, 1 de agosto Boaventura da Cruz, 53 anos, advogado.&nbsp;Fumador desde os 14 anos, h\u00e1 muito que, erradamente, havia considerado como normal a tosse e a expetora\u00e7\u00e3o com que acordava todos os dias. Porque come\u00e7ou a cansar mais que o habitual e a expetora\u00e7\u00e3o [&hellip;]\" \/>\n<meta property=\"og:url\" content=\"https:\/\/cruzverde.pt\/en\/cancro-do-pulmao\/\" \/>\n<meta property=\"og:site_name\" content=\"Cruz Verde\" \/>\n<meta property=\"article:published_time\" content=\"2024-07-31T10:57:24+00:00\" \/>\n<meta property=\"article:modified_time\" content=\"2026-06-19T11:00:24+00:00\" \/>\n<meta property=\"og:image\" content=\"https:\/\/cruzverde.pt\/wp-content\/uploads\/2026\/06\/cancro-pulmao.jpg\" \/>\n\t<meta property=\"og:image:width\" content=\"1200\" \/>\n\t<meta property=\"og:image:height\" content=\"900\" \/>\n\t<meta property=\"og:image:type\" content=\"image\/jpeg\" \/>\n<meta name=\"author\" content=\"master\" \/>\n<meta name=\"twitter:card\" content=\"summary_large_image\" \/>\n<meta name=\"twitter:label1\" content=\"Written by\" \/>\n\t<meta name=\"twitter:data1\" content=\"master\" \/>\n\t<meta name=\"twitter:label2\" content=\"Est. reading time\" \/>\n\t<meta name=\"twitter:data2\" content=\"2 minutes\" \/>\n<script type=\"application\/ld+json\" class=\"yoast-schema-graph\">{\"@context\":\"https:\\\/\\\/schema.org\",\"@graph\":[{\"@type\":\"Article\",\"@id\":\"https:\\\/\\\/cruzverde.pt\\\/en\\\/cancro-do-pulmao\\\/#article\",\"isPartOf\":{\"@id\":\"https:\\\/\\\/cruzverde.pt\\\/en\\\/cancro-do-pulmao\\\/\"},\"author\":{\"name\":\"master\",\"@id\":\"https:\\\/\\\/cruzverde.pt\\\/en\\\/#\\\/schema\\\/person\\\/8d69cb30614c6954586bc1face84c15d\"},\"headline\":\"Cancro do Pulm\u00e3o\",\"datePublished\":\"2024-07-31T10:57:24+00:00\",\"dateModified\":\"2026-06-19T11:00:24+00:00\",\"mainEntityOfPage\":{\"@id\":\"https:\\\/\\\/cruzverde.pt\\\/en\\\/cancro-do-pulmao\\\/\"},\"wordCount\":259,\"publisher\":{\"@id\":\"https:\\\/\\\/cruzverde.pt\\\/en\\\/#organization\"},\"image\":{\"@id\":\"https:\\\/\\\/cruzverde.pt\\\/en\\\/cancro-do-pulmao\\\/#primaryimage\"},\"thumbnailUrl\":\"https:\\\/\\\/cruzverde.pt\\\/wp-content\\\/uploads\\\/2026\\\/06\\\/cancro-pulmao.jpg\",\"articleSection\":[\"Sa\u00fade Respirat\u00f3ria\"],\"inLanguage\":\"en-US\"},{\"@type\":\"WebPage\",\"@id\":\"https:\\\/\\\/cruzverde.pt\\\/en\\\/cancro-do-pulmao\\\/\",\"url\":\"https:\\\/\\\/cruzverde.pt\\\/en\\\/cancro-do-pulmao\\\/\",\"name\":\"Cancro do Pulm\u00e3o - Cruz Verde\",\"isPartOf\":{\"@id\":\"https:\\\/\\\/cruzverde.pt\\\/en\\\/#website\"},\"primaryImageOfPage\":{\"@id\":\"https:\\\/\\\/cruzverde.pt\\\/en\\\/cancro-do-pulmao\\\/#primaryimage\"},\"image\":{\"@id\":\"https:\\\/\\\/cruzverde.pt\\\/en\\\/cancro-do-pulmao\\\/#primaryimage\"},\"thumbnailUrl\":\"https:\\\/\\\/cruzverde.pt\\\/wp-content\\\/uploads\\\/2026\\\/06\\\/cancro-pulmao.jpg\",\"datePublished\":\"2024-07-31T10:57:24+00:00\",\"dateModified\":\"2026-06-19T11:00:24+00:00\",\"breadcrumb\":{\"@id\":\"https:\\\/\\\/cruzverde.pt\\\/en\\\/cancro-do-pulmao\\\/#breadcrumb\"},\"inLanguage\":\"en-US\",\"potentialAction\":[{\"@type\":\"ReadAction\",\"target\":[\"https:\\\/\\\/cruzverde.pt\\\/en\\\/cancro-do-pulmao\\\/\"]}]},{\"@type\":\"ImageObject\",\"inLanguage\":\"en-US\",\"@id\":\"https:\\\/\\\/cruzverde.pt\\\/en\\\/cancro-do-pulmao\\\/#primaryimage\",\"url\":\"https:\\\/\\\/cruzverde.pt\\\/wp-content\\\/uploads\\\/2026\\\/06\\\/cancro-pulmao.jpg\",\"contentUrl\":\"https:\\\/\\\/cruzverde.pt\\\/wp-content\\\/uploads\\\/2026\\\/06\\\/cancro-pulmao.jpg\",\"width\":1200,\"height\":900,\"caption\":\"Cancro Pulm\u00e3o\"},{\"@type\":\"BreadcrumbList\",\"@id\":\"https:\\\/\\\/cruzverde.pt\\\/en\\\/cancro-do-pulmao\\\/#breadcrumb\",\"itemListElement\":[{\"@type\":\"ListItem\",\"position\":1,\"name\":\"Home\",\"item\":\"https:\\\/\\\/cruzverde.pt\\\/en\\\/\"},{\"@type\":\"ListItem\",\"position\":2,\"name\":\"Cancro do Pulm\u00e3o\"}]},{\"@type\":\"WebSite\",\"@id\":\"https:\\\/\\\/cruzverde.pt\\\/en\\\/#website\",\"url\":\"https:\\\/\\\/cruzverde.pt\\\/en\\\/\",\"name\":\"Cruz Verde\",\"description\":\"My WordPress Blog\",\"publisher\":{\"@id\":\"https:\\\/\\\/cruzverde.pt\\\/en\\\/#organization\"},\"potentialAction\":[{\"@type\":\"SearchAction\",\"target\":{\"@type\":\"EntryPoint\",\"urlTemplate\":\"https:\\\/\\\/cruzverde.pt\\\/en\\\/?s={search_term_string}\"},\"query-input\":{\"@type\":\"PropertyValueSpecification\",\"valueRequired\":true,\"valueName\":\"search_term_string\"}}],\"inLanguage\":\"en-US\"},{\"@type\":\"Organization\",\"@id\":\"https:\\\/\\\/cruzverde.pt\\\/en\\\/#organization\",\"name\":\"Cruz Verde\",\"url\":\"https:\\\/\\\/cruzverde.pt\\\/en\\\/\",\"logo\":{\"@type\":\"ImageObject\",\"inLanguage\":\"en-US\",\"@id\":\"https:\\\/\\\/cruzverde.pt\\\/en\\\/#\\\/schema\\\/logo\\\/image\\\/\",\"url\":\"https:\\\/\\\/cruzverde.pt\\\/wp-content\\\/uploads\\\/2026\\\/05\\\/CV-com-frase-Horizontal-logotipo_big-Converted.png\",\"contentUrl\":\"https:\\\/\\\/cruzverde.pt\\\/wp-content\\\/uploads\\\/2026\\\/05\\\/CV-com-frase-Horizontal-logotipo_big-Converted.png\",\"width\":1701,\"height\":392,\"caption\":\"Cruz Verde\"},\"image\":{\"@id\":\"https:\\\/\\\/cruzverde.pt\\\/en\\\/#\\\/schema\\\/logo\\\/image\\\/\"}},{\"@type\":\"Person\",\"@id\":\"https:\\\/\\\/cruzverde.pt\\\/en\\\/#\\\/schema\\\/person\\\/8d69cb30614c6954586bc1face84c15d\",\"name\":\"master\",\"image\":{\"@type\":\"ImageObject\",\"inLanguage\":\"en-US\",\"@id\":\"https:\\\/\\\/secure.gravatar.com\\\/avatar\\\/7bb03eb4f12f9181edab20be17f0576353a096fec16b60ef6c49c5f7ad1208cc?s=96&d=mm&r=g\",\"url\":\"https:\\\/\\\/secure.gravatar.com\\\/avatar\\\/7bb03eb4f12f9181edab20be17f0576353a096fec16b60ef6c49c5f7ad1208cc?s=96&d=mm&r=g\",\"contentUrl\":\"https:\\\/\\\/secure.gravatar.com\\\/avatar\\\/7bb03eb4f12f9181edab20be17f0576353a096fec16b60ef6c49c5f7ad1208cc?s=96&d=mm&r=g\",\"caption\":\"master\"},\"sameAs\":[\"https:\\\/\\\/cruzverde.pt\"],\"url\":\"https:\\\/\\\/cruzverde.pt\\\/en\\\/author\\\/master\\\/\"}]}<\/script>\n<!-- \/ Yoast SEO plugin. -->","yoast_head_json":{"title":"Cancro do Pulm\u00e3o - Cruz Verde","robots":{"index":"index","follow":"follow","max-snippet":"max-snippet:-1","max-image-preview":"max-image-preview:large","max-video-preview":"max-video-preview:-1"},"canonical":"https:\/\/cruzverde.pt\/en\/cancro-do-pulmao\/","og_locale":"en_US","og_type":"article","og_title":"Cancro do Pulm\u00e3o - Cruz Verde","og_description":"O Prof. Doutor Duarte Ara\u00fajo, relata:&nbsp; Dia mundial do cancro do pulm\u00e3o, 1 de agosto Boaventura da Cruz, 53 anos, advogado.&nbsp;Fumador desde os 14 anos, h\u00e1 muito que, erradamente, havia considerado como normal a tosse e a expetora\u00e7\u00e3o com que acordava todos os dias. Porque come\u00e7ou a cansar mais que o habitual e a expetora\u00e7\u00e3o [&hellip;]","og_url":"https:\/\/cruzverde.pt\/en\/cancro-do-pulmao\/","og_site_name":"Cruz Verde","article_published_time":"2024-07-31T10:57:24+00:00","article_modified_time":"2026-06-19T11:00:24+00:00","og_image":[{"width":1200,"height":900,"url":"https:\/\/cruzverde.pt\/wp-content\/uploads\/2026\/06\/cancro-pulmao.jpg","type":"image\/jpeg"}],"author":"master","twitter_card":"summary_large_image","twitter_misc":{"Written by":"master","Est. reading time":"2 minutes"},"schema":{"@context":"https:\/\/schema.org","@graph":[{"@type":"Article","@id":"https:\/\/cruzverde.pt\/en\/cancro-do-pulmao\/#article","isPartOf":{"@id":"https:\/\/cruzverde.pt\/en\/cancro-do-pulmao\/"},"author":{"name":"master","@id":"https:\/\/cruzverde.pt\/en\/#\/schema\/person\/8d69cb30614c6954586bc1face84c15d"},"headline":"Cancro do Pulm\u00e3o","datePublished":"2024-07-31T10:57:24+00:00","dateModified":"2026-06-19T11:00:24+00:00","mainEntityOfPage":{"@id":"https:\/\/cruzverde.pt\/en\/cancro-do-pulmao\/"},"wordCount":259,"publisher":{"@id":"https:\/\/cruzverde.pt\/en\/#organization"},"image":{"@id":"https:\/\/cruzverde.pt\/en\/cancro-do-pulmao\/#primaryimage"},"thumbnailUrl":"https:\/\/cruzverde.pt\/wp-content\/uploads\/2026\/06\/cancro-pulmao.jpg","articleSection":["Sa\u00fade Respirat\u00f3ria"],"inLanguage":"en-US"},{"@type":"WebPage","@id":"https:\/\/cruzverde.pt\/en\/cancro-do-pulmao\/","url":"https:\/\/cruzverde.pt\/en\/cancro-do-pulmao\/","name":"Cancro do Pulm\u00e3o - Cruz Verde","isPartOf":{"@id":"https:\/\/cruzverde.pt\/en\/#website"},"primaryImageOfPage":{"@id":"https:\/\/cruzverde.pt\/en\/cancro-do-pulmao\/#primaryimage"},"image":{"@id":"https:\/\/cruzverde.pt\/en\/cancro-do-pulmao\/#primaryimage"},"thumbnailUrl":"https:\/\/cruzverde.pt\/wp-content\/uploads\/2026\/06\/cancro-pulmao.jpg","datePublished":"2024-07-31T10:57:24+00:00","dateModified":"2026-06-19T11:00:24+00:00","breadcrumb":{"@id":"https:\/\/cruzverde.pt\/en\/cancro-do-pulmao\/#breadcrumb"},"inLanguage":"en-US","potentialAction":[{"@type":"ReadAction","target":["https:\/\/cruzverde.pt\/en\/cancro-do-pulmao\/"]}]},{"@type":"ImageObject","inLanguage":"en-US","@id":"https:\/\/cruzverde.pt\/en\/cancro-do-pulmao\/#primaryimage","url":"https:\/\/cruzverde.pt\/wp-content\/uploads\/2026\/06\/cancro-pulmao.jpg","contentUrl":"https:\/\/cruzverde.pt\/wp-content\/uploads\/2026\/06\/cancro-pulmao.jpg","width":1200,"height":900,"caption":"Cancro Pulm\u00e3o"},{"@type":"BreadcrumbList","@id":"https:\/\/cruzverde.pt\/en\/cancro-do-pulmao\/#breadcrumb","itemListElement":[{"@type":"ListItem","position":1,"name":"Home","item":"https:\/\/cruzverde.pt\/en\/"},{"@type":"ListItem","position":2,"name":"Cancro do Pulm\u00e3o"}]},{"@type":"WebSite","@id":"https:\/\/cruzverde.pt\/en\/#website","url":"https:\/\/cruzverde.pt\/en\/","name":"Cruz Verde","description":"My WordPress Blog","publisher":{"@id":"https:\/\/cruzverde.pt\/en\/#organization"},"potentialAction":[{"@type":"SearchAction","target":{"@type":"EntryPoint","urlTemplate":"https:\/\/cruzverde.pt\/en\/?s={search_term_string}"},"query-input":{"@type":"PropertyValueSpecification","valueRequired":true,"valueName":"search_term_string"}}],"inLanguage":"en-US"},{"@type":"Organization","@id":"https:\/\/cruzverde.pt\/en\/#organization","name":"Cruz Verde","url":"https:\/\/cruzverde.pt\/en\/","logo":{"@type":"ImageObject","inLanguage":"en-US","@id":"https:\/\/cruzverde.pt\/en\/#\/schema\/logo\/image\/","url":"https:\/\/cruzverde.pt\/wp-content\/uploads\/2026\/05\/CV-com-frase-Horizontal-logotipo_big-Converted.png","contentUrl":"https:\/\/cruzverde.pt\/wp-content\/uploads\/2026\/05\/CV-com-frase-Horizontal-logotipo_big-Converted.png","width":1701,"height":392,"caption":"Cruz Verde"},"image":{"@id":"https:\/\/cruzverde.pt\/en\/#\/schema\/logo\/image\/"}},{"@type":"Person","@id":"https:\/\/cruzverde.pt\/en\/#\/schema\/person\/8d69cb30614c6954586bc1face84c15d","name":"master","image":{"@type":"ImageObject","inLanguage":"en-US","@id":"https:\/\/secure.gravatar.com\/avatar\/7bb03eb4f12f9181edab20be17f0576353a096fec16b60ef6c49c5f7ad1208cc?s=96&d=mm&r=g","url":"https:\/\/secure.gravatar.com\/avatar\/7bb03eb4f12f9181edab20be17f0576353a096fec16b60ef6c49c5f7ad1208cc?s=96&d=mm&r=g","contentUrl":"https:\/\/secure.gravatar.com\/avatar\/7bb03eb4f12f9181edab20be17f0576353a096fec16b60ef6c49c5f7ad1208cc?s=96&d=mm&r=g","caption":"master"},"sameAs":["https:\/\/cruzverde.pt"],"url":"https:\/\/cruzverde.pt\/en\/author\/master\/"}]}},"_links":{"self":[{"href":"https:\/\/cruzverde.pt\/en\/wp-json\/wp\/v2\/posts\/2224","targetHints":{"allow":["GET"]}}],"collection":[{"href":"https:\/\/cruzverde.pt\/en\/wp-json\/wp\/v2\/posts"}],"about":[{"href":"https:\/\/cruzverde.pt\/en\/wp-json\/wp\/v2\/types\/post"}],"author":[{"embeddable":true,"href":"https:\/\/cruzverde.pt\/en\/wp-json\/wp\/v2\/users\/1"}],"replies":[{"embeddable":true,"href":"https:\/\/cruzverde.pt\/en\/wp-json\/wp\/v2\/comments?post=2224"}],"version-history":[{"count":1,"href":"https:\/\/cruzverde.pt\/en\/wp-json\/wp\/v2\/posts\/2224\/revisions"}],"predecessor-version":[{"id":2229,"href":"https:\/\/cruzverde.pt\/en\/wp-json\/wp\/v2\/posts\/2224\/revisions\/2229"}],"wp:featuredmedia":[{"embeddable":true,"href":"https:\/\/cruzverde.pt\/en\/wp-json\/wp\/v2\/media\/2226"}],"wp:attachment":[{"href":"https:\/\/cruzverde.pt\/en\/wp-json\/wp\/v2\/media?parent=2224"}],"wp:term":[{"taxonomy":"category","embeddable":true,"href":"https:\/\/cruzverde.pt\/en\/wp-json\/wp\/v2\/categories?post=2224"},{"taxonomy":"post_tag","embeddable":true,"href":"https:\/\/cruzverde.pt\/en\/wp-json\/wp\/v2\/tags?post=2224"}],"curies":[{"name":"wp","href":"https:\/\/api.w.org\/{rel}","templated":true}]}}