{"id":2364,"date":"2025-05-05T12:49:00","date_gmt":"2025-05-05T11:49:00","guid":{"rendered":"https:\/\/cruzverde.pt\/?p=2364"},"modified":"2026-06-19T12:51:28","modified_gmt":"2026-06-19T11:51:28","slug":"dia-mundial-da-asma-6-de-maio","status":"publish","type":"post","link":"https:\/\/cruzverde.pt\/en\/dia-mundial-da-asma-6-de-maio\/","title":{"rendered":"Dia Mundial da Asma &#8211; 6 de maio"},"content":{"rendered":"\n<p class=\"wp-block-paragraph\">A prop\u00f3sito do dia Mundial da Asma, o&nbsp;<strong>Prof. Dr. Doutor Duarte Ara\u00fajo elucida<\/strong>:<\/p>\n\n\n\n<p class=\"wp-block-paragraph\">A In\u00eas, de 19 anos, nunca mais voltou a ser a mesma, desde h\u00e1 alguns meses. Raros s\u00e3o os dias que n\u00e3o tenha pieira, geralmente ao anoitecer. A tosse \u00e9 t\u00e3o irritativa que lhe apetece meter os dedos pela garganta abaixo, e co\u00e7ar at\u00e9 ficar bem. Disseram-lhe que em crian\u00e7a de colo andava sempre a fazer bronquiolites, e ainda se lembra de, mais crescida, evitar as aulas de educa\u00e7\u00e3o f\u00edsica, por n\u00e3o suportar os exerc\u00edcios mais exigentes, ou estar sempre constipada.&nbsp;<\/p>\n\n\n\n<p class=\"wp-block-paragraph\">Ser\u00e1 do novo quarto que alugou, mais velho e h\u00famido?&nbsp;<br>Ser\u00e1 o stress da mudan\u00e7a de cidade, ou das novas responsabilidades, na universidade?&nbsp;<br>Ter\u00e1 de abandonar a tuna feminina, onde tanto gosta de cantar?<\/p>\n\n\n\n<p class=\"wp-block-paragraph\">A asma br\u00f4nquica \u00e9 uma doen\u00e7a respirat\u00f3ria extremamente frequente. \u00c9 t\u00e3o heterog\u00e9nea que, \u00e0s vezes, nem os doentes nem os m\u00e9dicos dela desconfiam, pelo menos no in\u00edcio. E, no entanto, quase todos os doentes podem voltar a andar completamente bem, sem queixas, com vidas perfeitamente normais. \u00c9 este o desafio do pneumologista, a total realiza\u00e7\u00e3o dos doentes \u2013 no trabalho, na escola, no desporto e nas brincadeiras.&nbsp;<\/p>\n\n\n\n<p class=\"wp-block-paragraph\">Porque a vida \u00e9 divertida.<\/p>\n","protected":false},"excerpt":{"rendered":"<p>A prop\u00f3sito do dia Mundial da Asma, o&nbsp;Prof. Dr. Doutor Duarte Ara\u00fajo elucida: A In\u00eas, de 19 anos, nunca mais voltou a ser a mesma, desde h\u00e1 alguns meses. Raros s\u00e3o os dias que n\u00e3o tenha pieira, geralmente ao anoitecer. A tosse \u00e9 t\u00e3o irritativa que lhe apetece meter os dedos pela garganta abaixo, e [&hellip;]<\/p>\n","protected":false},"author":1,"featured_media":2367,"comment_status":"closed","ping_status":"closed","sticky":false,"template":"","format":"standard","meta":{"_acf_changed":false,"inline_featured_image":false,"footnotes":""},"categories":[112],"tags":[],"class_list":["post-2364","post","type-post","status-publish","format-standard","has-post-thumbnail","hentry","category-saude-respiratoria"],"acf":[],"yoast_head":"<!-- This site is optimized with the Yoast SEO plugin v27.8 - https:\/\/yoast.com\/product\/yoast-seo-wordpress\/ -->\n<title>Dia Mundial da Asma - 6 de maio - Cruz Verde<\/title>\n<meta name=\"robots\" content=\"index, follow, max-snippet:-1, max-image-preview:large, max-video-preview:-1\" \/>\n<link rel=\"canonical\" href=\"https:\/\/cruzverde.pt\/en\/dia-mundial-da-asma-6-de-maio\/\" \/>\n<meta property=\"og:locale\" content=\"en_US\" \/>\n<meta property=\"og:type\" content=\"article\" \/>\n<meta property=\"og:title\" content=\"Dia Mundial da Asma - 6 de maio - Cruz Verde\" \/>\n<meta property=\"og:description\" content=\"A prop\u00f3sito do dia Mundial da Asma, o&nbsp;Prof. Dr. Doutor Duarte Ara\u00fajo elucida: A In\u00eas, de 19 anos, nunca mais voltou a ser a mesma, desde h\u00e1 alguns meses. Raros s\u00e3o os dias que n\u00e3o tenha pieira, geralmente ao anoitecer. A tosse \u00e9 t\u00e3o irritativa que lhe apetece meter os dedos pela garganta abaixo, e [&hellip;]\" \/>\n<meta property=\"og:url\" content=\"https:\/\/cruzverde.pt\/en\/dia-mundial-da-asma-6-de-maio\/\" \/>\n<meta property=\"og:site_name\" content=\"Cruz Verde\" \/>\n<meta property=\"article:published_time\" content=\"2025-05-05T11:49:00+00:00\" \/>\n<meta property=\"article:modified_time\" content=\"2026-06-19T11:51:28+00:00\" \/>\n<meta property=\"og:image\" content=\"https:\/\/cruzverde.pt\/wp-content\/uploads\/2026\/06\/dia-mundial-da-asma-pneumologia-profdrduartearaujo-cruzverde.jpg\" \/>\n\t<meta property=\"og:image:width\" content=\"1200\" \/>\n\t<meta property=\"og:image:height\" content=\"900\" \/>\n\t<meta property=\"og:image:type\" content=\"image\/jpeg\" \/>\n<meta name=\"author\" content=\"master\" \/>\n<meta name=\"twitter:card\" content=\"summary_large_image\" \/>\n<meta name=\"twitter:label1\" content=\"Written by\" \/>\n\t<meta name=\"twitter:data1\" content=\"master\" \/>\n\t<meta name=\"twitter:label2\" content=\"Est. reading time\" \/>\n\t<meta name=\"twitter:data2\" content=\"2 minutes\" \/>\n<script type=\"application\/ld+json\" class=\"yoast-schema-graph\">{\"@context\":\"https:\\\/\\\/schema.org\",\"@graph\":[{\"@type\":\"Article\",\"@id\":\"https:\\\/\\\/cruzverde.pt\\\/en\\\/dia-mundial-da-asma-6-de-maio\\\/#article\",\"isPartOf\":{\"@id\":\"https:\\\/\\\/cruzverde.pt\\\/en\\\/dia-mundial-da-asma-6-de-maio\\\/\"},\"author\":{\"name\":\"master\",\"@id\":\"https:\\\/\\\/cruzverde.pt\\\/en\\\/#\\\/schema\\\/person\\\/8d69cb30614c6954586bc1face84c15d\"},\"headline\":\"Dia Mundial da Asma &#8211; 6 de maio\",\"datePublished\":\"2025-05-05T11:49:00+00:00\",\"dateModified\":\"2026-06-19T11:51:28+00:00\",\"mainEntityOfPage\":{\"@id\":\"https:\\\/\\\/cruzverde.pt\\\/en\\\/dia-mundial-da-asma-6-de-maio\\\/\"},\"wordCount\":228,\"publisher\":{\"@id\":\"https:\\\/\\\/cruzverde.pt\\\/en\\\/#organization\"},\"image\":{\"@id\":\"https:\\\/\\\/cruzverde.pt\\\/en\\\/dia-mundial-da-asma-6-de-maio\\\/#primaryimage\"},\"thumbnailUrl\":\"https:\\\/\\\/cruzverde.pt\\\/wp-content\\\/uploads\\\/2026\\\/06\\\/dia-mundial-da-asma-pneumologia-profdrduartearaujo-cruzverde.jpg\",\"articleSection\":[\"Sa\u00fade Respirat\u00f3ria\"],\"inLanguage\":\"en-US\"},{\"@type\":\"WebPage\",\"@id\":\"https:\\\/\\\/cruzverde.pt\\\/en\\\/dia-mundial-da-asma-6-de-maio\\\/\",\"url\":\"https:\\\/\\\/cruzverde.pt\\\/en\\\/dia-mundial-da-asma-6-de-maio\\\/\",\"name\":\"Dia Mundial da Asma - 6 de maio - Cruz Verde\",\"isPartOf\":{\"@id\":\"https:\\\/\\\/cruzverde.pt\\\/en\\\/#website\"},\"primaryImageOfPage\":{\"@id\":\"https:\\\/\\\/cruzverde.pt\\\/en\\\/dia-mundial-da-asma-6-de-maio\\\/#primaryimage\"},\"image\":{\"@id\":\"https:\\\/\\\/cruzverde.pt\\\/en\\\/dia-mundial-da-asma-6-de-maio\\\/#primaryimage\"},\"thumbnailUrl\":\"https:\\\/\\\/cruzverde.pt\\\/wp-content\\\/uploads\\\/2026\\\/06\\\/dia-mundial-da-asma-pneumologia-profdrduartearaujo-cruzverde.jpg\",\"datePublished\":\"2025-05-05T11:49:00+00:00\",\"dateModified\":\"2026-06-19T11:51:28+00:00\",\"breadcrumb\":{\"@id\":\"https:\\\/\\\/cruzverde.pt\\\/en\\\/dia-mundial-da-asma-6-de-maio\\\/#breadcrumb\"},\"inLanguage\":\"en-US\",\"potentialAction\":[{\"@type\":\"ReadAction\",\"target\":[\"https:\\\/\\\/cruzverde.pt\\\/en\\\/dia-mundial-da-asma-6-de-maio\\\/\"]}]},{\"@type\":\"ImageObject\",\"inLanguage\":\"en-US\",\"@id\":\"https:\\\/\\\/cruzverde.pt\\\/en\\\/dia-mundial-da-asma-6-de-maio\\\/#primaryimage\",\"url\":\"https:\\\/\\\/cruzverde.pt\\\/wp-content\\\/uploads\\\/2026\\\/06\\\/dia-mundial-da-asma-pneumologia-profdrduartearaujo-cruzverde.jpg\",\"contentUrl\":\"https:\\\/\\\/cruzverde.pt\\\/wp-content\\\/uploads\\\/2026\\\/06\\\/dia-mundial-da-asma-pneumologia-profdrduartearaujo-cruzverde.jpg\",\"width\":1200,\"height\":900,\"caption\":\"asma\"},{\"@type\":\"BreadcrumbList\",\"@id\":\"https:\\\/\\\/cruzverde.pt\\\/en\\\/dia-mundial-da-asma-6-de-maio\\\/#breadcrumb\",\"itemListElement\":[{\"@type\":\"ListItem\",\"position\":1,\"name\":\"Home\",\"item\":\"https:\\\/\\\/cruzverde.pt\\\/en\\\/\"},{\"@type\":\"ListItem\",\"position\":2,\"name\":\"Dia Mundial da Asma &#8211; 6 de maio\"}]},{\"@type\":\"WebSite\",\"@id\":\"https:\\\/\\\/cruzverde.pt\\\/en\\\/#website\",\"url\":\"https:\\\/\\\/cruzverde.pt\\\/en\\\/\",\"name\":\"Cruz Verde\",\"description\":\"My WordPress Blog\",\"publisher\":{\"@id\":\"https:\\\/\\\/cruzverde.pt\\\/en\\\/#organization\"},\"potentialAction\":[{\"@type\":\"SearchAction\",\"target\":{\"@type\":\"EntryPoint\",\"urlTemplate\":\"https:\\\/\\\/cruzverde.pt\\\/en\\\/?s={search_term_string}\"},\"query-input\":{\"@type\":\"PropertyValueSpecification\",\"valueRequired\":true,\"valueName\":\"search_term_string\"}}],\"inLanguage\":\"en-US\"},{\"@type\":\"Organization\",\"@id\":\"https:\\\/\\\/cruzverde.pt\\\/en\\\/#organization\",\"name\":\"Cruz Verde\",\"url\":\"https:\\\/\\\/cruzverde.pt\\\/en\\\/\",\"logo\":{\"@type\":\"ImageObject\",\"inLanguage\":\"en-US\",\"@id\":\"https:\\\/\\\/cruzverde.pt\\\/en\\\/#\\\/schema\\\/logo\\\/image\\\/\",\"url\":\"https:\\\/\\\/cruzverde.pt\\\/wp-content\\\/uploads\\\/2026\\\/05\\\/CV-com-frase-Horizontal-logotipo_big-Converted.png\",\"contentUrl\":\"https:\\\/\\\/cruzverde.pt\\\/wp-content\\\/uploads\\\/2026\\\/05\\\/CV-com-frase-Horizontal-logotipo_big-Converted.png\",\"width\":1701,\"height\":392,\"caption\":\"Cruz Verde\"},\"image\":{\"@id\":\"https:\\\/\\\/cruzverde.pt\\\/en\\\/#\\\/schema\\\/logo\\\/image\\\/\"}},{\"@type\":\"Person\",\"@id\":\"https:\\\/\\\/cruzverde.pt\\\/en\\\/#\\\/schema\\\/person\\\/8d69cb30614c6954586bc1face84c15d\",\"name\":\"master\",\"image\":{\"@type\":\"ImageObject\",\"inLanguage\":\"en-US\",\"@id\":\"https:\\\/\\\/secure.gravatar.com\\\/avatar\\\/7bb03eb4f12f9181edab20be17f0576353a096fec16b60ef6c49c5f7ad1208cc?s=96&d=mm&r=g\",\"url\":\"https:\\\/\\\/secure.gravatar.com\\\/avatar\\\/7bb03eb4f12f9181edab20be17f0576353a096fec16b60ef6c49c5f7ad1208cc?s=96&d=mm&r=g\",\"contentUrl\":\"https:\\\/\\\/secure.gravatar.com\\\/avatar\\\/7bb03eb4f12f9181edab20be17f0576353a096fec16b60ef6c49c5f7ad1208cc?s=96&d=mm&r=g\",\"caption\":\"master\"},\"sameAs\":[\"https:\\\/\\\/cruzverde.pt\"],\"url\":\"https:\\\/\\\/cruzverde.pt\\\/en\\\/author\\\/master\\\/\"}]}<\/script>\n<!-- \/ Yoast SEO plugin. -->","yoast_head_json":{"title":"Dia Mundial da Asma - 6 de maio - Cruz Verde","robots":{"index":"index","follow":"follow","max-snippet":"max-snippet:-1","max-image-preview":"max-image-preview:large","max-video-preview":"max-video-preview:-1"},"canonical":"https:\/\/cruzverde.pt\/en\/dia-mundial-da-asma-6-de-maio\/","og_locale":"en_US","og_type":"article","og_title":"Dia Mundial da Asma - 6 de maio - Cruz Verde","og_description":"A prop\u00f3sito do dia Mundial da Asma, o&nbsp;Prof. Dr. Doutor Duarte Ara\u00fajo elucida: A In\u00eas, de 19 anos, nunca mais voltou a ser a mesma, desde h\u00e1 alguns meses. Raros s\u00e3o os dias que n\u00e3o tenha pieira, geralmente ao anoitecer. A tosse \u00e9 t\u00e3o irritativa que lhe apetece meter os dedos pela garganta abaixo, e [&hellip;]","og_url":"https:\/\/cruzverde.pt\/en\/dia-mundial-da-asma-6-de-maio\/","og_site_name":"Cruz Verde","article_published_time":"2025-05-05T11:49:00+00:00","article_modified_time":"2026-06-19T11:51:28+00:00","og_image":[{"width":1200,"height":900,"url":"https:\/\/cruzverde.pt\/wp-content\/uploads\/2026\/06\/dia-mundial-da-asma-pneumologia-profdrduartearaujo-cruzverde.jpg","type":"image\/jpeg"}],"author":"master","twitter_card":"summary_large_image","twitter_misc":{"Written by":"master","Est. reading time":"2 minutes"},"schema":{"@context":"https:\/\/schema.org","@graph":[{"@type":"Article","@id":"https:\/\/cruzverde.pt\/en\/dia-mundial-da-asma-6-de-maio\/#article","isPartOf":{"@id":"https:\/\/cruzverde.pt\/en\/dia-mundial-da-asma-6-de-maio\/"},"author":{"name":"master","@id":"https:\/\/cruzverde.pt\/en\/#\/schema\/person\/8d69cb30614c6954586bc1face84c15d"},"headline":"Dia Mundial da Asma &#8211; 6 de maio","datePublished":"2025-05-05T11:49:00+00:00","dateModified":"2026-06-19T11:51:28+00:00","mainEntityOfPage":{"@id":"https:\/\/cruzverde.pt\/en\/dia-mundial-da-asma-6-de-maio\/"},"wordCount":228,"publisher":{"@id":"https:\/\/cruzverde.pt\/en\/#organization"},"image":{"@id":"https:\/\/cruzverde.pt\/en\/dia-mundial-da-asma-6-de-maio\/#primaryimage"},"thumbnailUrl":"https:\/\/cruzverde.pt\/wp-content\/uploads\/2026\/06\/dia-mundial-da-asma-pneumologia-profdrduartearaujo-cruzverde.jpg","articleSection":["Sa\u00fade Respirat\u00f3ria"],"inLanguage":"en-US"},{"@type":"WebPage","@id":"https:\/\/cruzverde.pt\/en\/dia-mundial-da-asma-6-de-maio\/","url":"https:\/\/cruzverde.pt\/en\/dia-mundial-da-asma-6-de-maio\/","name":"Dia Mundial da Asma - 6 de maio - Cruz Verde","isPartOf":{"@id":"https:\/\/cruzverde.pt\/en\/#website"},"primaryImageOfPage":{"@id":"https:\/\/cruzverde.pt\/en\/dia-mundial-da-asma-6-de-maio\/#primaryimage"},"image":{"@id":"https:\/\/cruzverde.pt\/en\/dia-mundial-da-asma-6-de-maio\/#primaryimage"},"thumbnailUrl":"https:\/\/cruzverde.pt\/wp-content\/uploads\/2026\/06\/dia-mundial-da-asma-pneumologia-profdrduartearaujo-cruzverde.jpg","datePublished":"2025-05-05T11:49:00+00:00","dateModified":"2026-06-19T11:51:28+00:00","breadcrumb":{"@id":"https:\/\/cruzverde.pt\/en\/dia-mundial-da-asma-6-de-maio\/#breadcrumb"},"inLanguage":"en-US","potentialAction":[{"@type":"ReadAction","target":["https:\/\/cruzverde.pt\/en\/dia-mundial-da-asma-6-de-maio\/"]}]},{"@type":"ImageObject","inLanguage":"en-US","@id":"https:\/\/cruzverde.pt\/en\/dia-mundial-da-asma-6-de-maio\/#primaryimage","url":"https:\/\/cruzverde.pt\/wp-content\/uploads\/2026\/06\/dia-mundial-da-asma-pneumologia-profdrduartearaujo-cruzverde.jpg","contentUrl":"https:\/\/cruzverde.pt\/wp-content\/uploads\/2026\/06\/dia-mundial-da-asma-pneumologia-profdrduartearaujo-cruzverde.jpg","width":1200,"height":900,"caption":"asma"},{"@type":"BreadcrumbList","@id":"https:\/\/cruzverde.pt\/en\/dia-mundial-da-asma-6-de-maio\/#breadcrumb","itemListElement":[{"@type":"ListItem","position":1,"name":"Home","item":"https:\/\/cruzverde.pt\/en\/"},{"@type":"ListItem","position":2,"name":"Dia Mundial da Asma &#8211; 6 de maio"}]},{"@type":"WebSite","@id":"https:\/\/cruzverde.pt\/en\/#website","url":"https:\/\/cruzverde.pt\/en\/","name":"Cruz Verde","description":"My WordPress Blog","publisher":{"@id":"https:\/\/cruzverde.pt\/en\/#organization"},"potentialAction":[{"@type":"SearchAction","target":{"@type":"EntryPoint","urlTemplate":"https:\/\/cruzverde.pt\/en\/?s={search_term_string}"},"query-input":{"@type":"PropertyValueSpecification","valueRequired":true,"valueName":"search_term_string"}}],"inLanguage":"en-US"},{"@type":"Organization","@id":"https:\/\/cruzverde.pt\/en\/#organization","name":"Cruz Verde","url":"https:\/\/cruzverde.pt\/en\/","logo":{"@type":"ImageObject","inLanguage":"en-US","@id":"https:\/\/cruzverde.pt\/en\/#\/schema\/logo\/image\/","url":"https:\/\/cruzverde.pt\/wp-content\/uploads\/2026\/05\/CV-com-frase-Horizontal-logotipo_big-Converted.png","contentUrl":"https:\/\/cruzverde.pt\/wp-content\/uploads\/2026\/05\/CV-com-frase-Horizontal-logotipo_big-Converted.png","width":1701,"height":392,"caption":"Cruz Verde"},"image":{"@id":"https:\/\/cruzverde.pt\/en\/#\/schema\/logo\/image\/"}},{"@type":"Person","@id":"https:\/\/cruzverde.pt\/en\/#\/schema\/person\/8d69cb30614c6954586bc1face84c15d","name":"master","image":{"@type":"ImageObject","inLanguage":"en-US","@id":"https:\/\/secure.gravatar.com\/avatar\/7bb03eb4f12f9181edab20be17f0576353a096fec16b60ef6c49c5f7ad1208cc?s=96&d=mm&r=g","url":"https:\/\/secure.gravatar.com\/avatar\/7bb03eb4f12f9181edab20be17f0576353a096fec16b60ef6c49c5f7ad1208cc?s=96&d=mm&r=g","contentUrl":"https:\/\/secure.gravatar.com\/avatar\/7bb03eb4f12f9181edab20be17f0576353a096fec16b60ef6c49c5f7ad1208cc?s=96&d=mm&r=g","caption":"master"},"sameAs":["https:\/\/cruzverde.pt"],"url":"https:\/\/cruzverde.pt\/en\/author\/master\/"}]}},"_links":{"self":[{"href":"https:\/\/cruzverde.pt\/en\/wp-json\/wp\/v2\/posts\/2364","targetHints":{"allow":["GET"]}}],"collection":[{"href":"https:\/\/cruzverde.pt\/en\/wp-json\/wp\/v2\/posts"}],"about":[{"href":"https:\/\/cruzverde.pt\/en\/wp-json\/wp\/v2\/types\/post"}],"author":[{"embeddable":true,"href":"https:\/\/cruzverde.pt\/en\/wp-json\/wp\/v2\/users\/1"}],"replies":[{"embeddable":true,"href":"https:\/\/cruzverde.pt\/en\/wp-json\/wp\/v2\/comments?post=2364"}],"version-history":[{"count":1,"href":"https:\/\/cruzverde.pt\/en\/wp-json\/wp\/v2\/posts\/2364\/revisions"}],"predecessor-version":[{"id":2370,"href":"https:\/\/cruzverde.pt\/en\/wp-json\/wp\/v2\/posts\/2364\/revisions\/2370"}],"wp:featuredmedia":[{"embeddable":true,"href":"https:\/\/cruzverde.pt\/en\/wp-json\/wp\/v2\/media\/2367"}],"wp:attachment":[{"href":"https:\/\/cruzverde.pt\/en\/wp-json\/wp\/v2\/media?parent=2364"}],"wp:term":[{"taxonomy":"category","embeddable":true,"href":"https:\/\/cruzverde.pt\/en\/wp-json\/wp\/v2\/categories?post=2364"},{"taxonomy":"post_tag","embeddable":true,"href":"https:\/\/cruzverde.pt\/en\/wp-json\/wp\/v2\/tags?post=2364"}],"curies":[{"name":"wp","href":"https:\/\/api.w.org\/{rel}","templated":true}]}}