{"id":2418,"date":"2025-06-02T13:06:00","date_gmt":"2025-06-02T12:06:00","guid":{"rendered":"https:\/\/cruzverde.pt\/?p=2418"},"modified":"2026-06-19T13:07:56","modified_gmt":"2026-06-19T12:07:56","slug":"psicologia-reforco-positivo","status":"publish","type":"post","link":"https:\/\/cruzverde.pt\/en\/psicologia-reforco-positivo\/","title":{"rendered":"Psicologia &#8211; Refor\u00e7o Positivo"},"content":{"rendered":"\n<p class=\"wp-block-paragraph\">Veja as recomenda\u00e7\u00f5es da Dra. Catarina Castro que nos esclarece sobre o Refor\u00e7o Positivo.<\/p>\n\n\n\n<p class=\"wp-block-paragraph\"><strong>Como fortalecer a autoestima do teu filho todos os dias<\/strong><\/p>\n\n\n\n<p class=\"wp-block-paragraph\">Sabia que a forma como elogia o seu filho pode influenciar diretamente a forma como ele se v\u00ea a si pr\u00f3prio?<\/p>\n\n\n\n<p class=\"wp-block-paragraph\">O elogio \u00e9 uma ferramenta poderosa na parentalidade \u2014 mas para ser realmente eficaz, precisa de ser usado com inten\u00e7\u00e3o e consci\u00eancia.<\/p>\n\n\n\n<p class=\"wp-block-paragraph\">Na mesma linha, est\u00e1 a import\u00e2ncia do refor\u00e7o positivo. Este deve ser usado para refor\u00e7ar os comportamentos desejados, com palavras de encorajamento e reconhecimento. Ao faz\u00ea-lo, aumentamos a probabilidade desses comportamentos se repetirem e, ao mesmo tempo, estamos a construir a confian\u00e7a e autoestima da crian\u00e7a.<\/p>\n\n\n\n<p class=\"wp-block-paragraph\"><strong>Mas, nem todos os elogios t\u00eam o mesmo impacto!&nbsp;<\/strong><\/p>\n\n\n\n<p class=\"wp-block-paragraph\">Frases como \u201c\u00e9s t\u00e3o inteligente\u201d podem parecer inofensivas, mas se forem usadas em excesso ou de forma gen\u00e9rica, podem criar press\u00e3o ou medo de falhar.<\/p>\n\n\n\n<p class=\"wp-block-paragraph\"><strong>\u00c9 fulcral elogiar de forma mais consciente e eficaz:<\/strong>&nbsp;<\/p>\n\n\n\n<p class=\"wp-block-paragraph\">\u2714\ufe0f Ser espec\u00edfico: Em vez de dizer &#8220;Boa!&#8221;;, experimente &#8220;Gostei muito da forma como tentaste resolver esse problema sozinho.&#8221;;<\/p>\n\n\n\n<p class=\"wp-block-paragraph\">\u2714\ufe0f Foque o esfor\u00e7o, n\u00e3o s\u00f3 no resultado: O mais importante \u00e9 valorizar o processo e a persist\u00eancia;<\/p>\n\n\n\n<p class=\"wp-block-paragraph\">\u2714\ufe0f Mantenha o elogio aut\u00eantico: A crian\u00e7a sente quando o elogio \u00e9 verdadeiro \u2014 e quando \u00e9 apenas por dizer;<\/p>\n\n\n\n<p class=\"wp-block-paragraph\">\u2714\ufe0f Evite compara\u00e7\u00f5es com outras crian\u00e7as: Cada crian\u00e7a tem o seu ritmo e valor!<br>&nbsp;<\/p>\n\n\n\n<p class=\"wp-block-paragraph\"><strong>Porque \u00e9 que isto importa?<\/strong>&nbsp;<\/p>\n\n\n\n<p class=\"wp-block-paragraph\">Porque est\u00e1 a ajud\u00e1-lo a desenvolver uma autoestima s\u00f3lida, baseada na confian\u00e7a em si mesmo e n\u00e3o apenas na aprova\u00e7\u00e3o externa.<\/p>\n\n\n\n<p class=\"wp-block-paragraph\">Pequenos gestos, como um elogio bem dado, t\u00eam um grande impacto no desenvolvimento emocional das crian\u00e7as.<\/p>\n","protected":false},"excerpt":{"rendered":"<p>Veja as recomenda\u00e7\u00f5es da Dra. Catarina Castro que nos esclarece sobre o Refor\u00e7o Positivo. Como fortalecer a autoestima do teu filho todos os dias Sabia que a forma como elogia o seu filho pode influenciar diretamente a forma como ele se v\u00ea a si pr\u00f3prio? O elogio \u00e9 uma ferramenta poderosa na parentalidade \u2014 mas [&hellip;]<\/p>\n","protected":false},"author":1,"featured_media":2421,"comment_status":"closed","ping_status":"closed","sticky":false,"template":"","format":"standard","meta":{"_acf_changed":false,"inline_featured_image":false,"footnotes":""},"categories":[113],"tags":[],"class_list":["post-2418","post","type-post","status-publish","format-standard","has-post-thumbnail","hentry","category-psicologia"],"acf":[],"yoast_head":"<!-- This site is optimized with the Yoast SEO plugin v27.8 - https:\/\/yoast.com\/product\/yoast-seo-wordpress\/ -->\n<title>Psicologia - Refor\u00e7o Positivo - Cruz Verde<\/title>\n<meta name=\"robots\" content=\"index, follow, max-snippet:-1, max-image-preview:large, max-video-preview:-1\" \/>\n<link rel=\"canonical\" href=\"https:\/\/cruzverde.pt\/en\/psicologia-reforco-positivo\/\" \/>\n<meta property=\"og:locale\" content=\"en_US\" \/>\n<meta property=\"og:type\" content=\"article\" \/>\n<meta property=\"og:title\" content=\"Psicologia - Refor\u00e7o Positivo - Cruz Verde\" \/>\n<meta property=\"og:description\" content=\"Veja as recomenda\u00e7\u00f5es da Dra. Catarina Castro que nos esclarece sobre o Refor\u00e7o Positivo. Como fortalecer a autoestima do teu filho todos os dias Sabia que a forma como elogia o seu filho pode influenciar diretamente a forma como ele se v\u00ea a si pr\u00f3prio? O elogio \u00e9 uma ferramenta poderosa na parentalidade \u2014 mas [&hellip;]\" \/>\n<meta property=\"og:url\" content=\"https:\/\/cruzverde.pt\/en\/psicologia-reforco-positivo\/\" \/>\n<meta property=\"og:site_name\" content=\"Cruz Verde\" \/>\n<meta property=\"article:published_time\" content=\"2025-06-02T12:06:00+00:00\" \/>\n<meta property=\"article:modified_time\" content=\"2026-06-19T12:07:56+00:00\" \/>\n<meta property=\"og:image\" content=\"https:\/\/cruzverde.pt\/wp-content\/uploads\/2026\/06\/psicologia-dracatarinacastro-cruzverde-reforco-positivo.jpg\" \/>\n\t<meta property=\"og:image:width\" content=\"1200\" \/>\n\t<meta property=\"og:image:height\" content=\"900\" \/>\n\t<meta property=\"og:image:type\" content=\"image\/jpeg\" \/>\n<meta name=\"author\" content=\"master\" \/>\n<meta name=\"twitter:card\" content=\"summary_large_image\" \/>\n<meta name=\"twitter:label1\" content=\"Written by\" \/>\n\t<meta name=\"twitter:data1\" content=\"master\" \/>\n\t<meta name=\"twitter:label2\" content=\"Est. reading time\" \/>\n\t<meta name=\"twitter:data2\" content=\"2 minutes\" \/>\n<script type=\"application\/ld+json\" class=\"yoast-schema-graph\">{\"@context\":\"https:\\\/\\\/schema.org\",\"@graph\":[{\"@type\":\"Article\",\"@id\":\"https:\\\/\\\/cruzverde.pt\\\/en\\\/psicologia-reforco-positivo\\\/#article\",\"isPartOf\":{\"@id\":\"https:\\\/\\\/cruzverde.pt\\\/en\\\/psicologia-reforco-positivo\\\/\"},\"author\":{\"name\":\"master\",\"@id\":\"https:\\\/\\\/cruzverde.pt\\\/en\\\/#\\\/schema\\\/person\\\/8d69cb30614c6954586bc1face84c15d\"},\"headline\":\"Psicologia &#8211; Refor\u00e7o Positivo\",\"datePublished\":\"2025-06-02T12:06:00+00:00\",\"dateModified\":\"2026-06-19T12:07:56+00:00\",\"mainEntityOfPage\":{\"@id\":\"https:\\\/\\\/cruzverde.pt\\\/en\\\/psicologia-reforco-positivo\\\/\"},\"wordCount\":297,\"publisher\":{\"@id\":\"https:\\\/\\\/cruzverde.pt\\\/en\\\/#organization\"},\"image\":{\"@id\":\"https:\\\/\\\/cruzverde.pt\\\/en\\\/psicologia-reforco-positivo\\\/#primaryimage\"},\"thumbnailUrl\":\"https:\\\/\\\/cruzverde.pt\\\/wp-content\\\/uploads\\\/2026\\\/06\\\/psicologia-dracatarinacastro-cruzverde-reforco-positivo.jpg\",\"articleSection\":[\"Psicologia\"],\"inLanguage\":\"en-US\"},{\"@type\":\"WebPage\",\"@id\":\"https:\\\/\\\/cruzverde.pt\\\/en\\\/psicologia-reforco-positivo\\\/\",\"url\":\"https:\\\/\\\/cruzverde.pt\\\/en\\\/psicologia-reforco-positivo\\\/\",\"name\":\"Psicologia - Refor\u00e7o Positivo - Cruz Verde\",\"isPartOf\":{\"@id\":\"https:\\\/\\\/cruzverde.pt\\\/en\\\/#website\"},\"primaryImageOfPage\":{\"@id\":\"https:\\\/\\\/cruzverde.pt\\\/en\\\/psicologia-reforco-positivo\\\/#primaryimage\"},\"image\":{\"@id\":\"https:\\\/\\\/cruzverde.pt\\\/en\\\/psicologia-reforco-positivo\\\/#primaryimage\"},\"thumbnailUrl\":\"https:\\\/\\\/cruzverde.pt\\\/wp-content\\\/uploads\\\/2026\\\/06\\\/psicologia-dracatarinacastro-cruzverde-reforco-positivo.jpg\",\"datePublished\":\"2025-06-02T12:06:00+00:00\",\"dateModified\":\"2026-06-19T12:07:56+00:00\",\"breadcrumb\":{\"@id\":\"https:\\\/\\\/cruzverde.pt\\\/en\\\/psicologia-reforco-positivo\\\/#breadcrumb\"},\"inLanguage\":\"en-US\",\"potentialAction\":[{\"@type\":\"ReadAction\",\"target\":[\"https:\\\/\\\/cruzverde.pt\\\/en\\\/psicologia-reforco-positivo\\\/\"]}]},{\"@type\":\"ImageObject\",\"inLanguage\":\"en-US\",\"@id\":\"https:\\\/\\\/cruzverde.pt\\\/en\\\/psicologia-reforco-positivo\\\/#primaryimage\",\"url\":\"https:\\\/\\\/cruzverde.pt\\\/wp-content\\\/uploads\\\/2026\\\/06\\\/psicologia-dracatarinacastro-cruzverde-reforco-positivo.jpg\",\"contentUrl\":\"https:\\\/\\\/cruzverde.pt\\\/wp-content\\\/uploads\\\/2026\\\/06\\\/psicologia-dracatarinacastro-cruzverde-reforco-positivo.jpg\",\"width\":1200,\"height\":900,\"caption\":\"Psicologia Cruz verde refor\u00e7o positivo\"},{\"@type\":\"BreadcrumbList\",\"@id\":\"https:\\\/\\\/cruzverde.pt\\\/en\\\/psicologia-reforco-positivo\\\/#breadcrumb\",\"itemListElement\":[{\"@type\":\"ListItem\",\"position\":1,\"name\":\"Home\",\"item\":\"https:\\\/\\\/cruzverde.pt\\\/en\\\/\"},{\"@type\":\"ListItem\",\"position\":2,\"name\":\"Psicologia &#8211; Refor\u00e7o Positivo\"}]},{\"@type\":\"WebSite\",\"@id\":\"https:\\\/\\\/cruzverde.pt\\\/en\\\/#website\",\"url\":\"https:\\\/\\\/cruzverde.pt\\\/en\\\/\",\"name\":\"Cruz Verde\",\"description\":\"\",\"publisher\":{\"@id\":\"https:\\\/\\\/cruzverde.pt\\\/en\\\/#organization\"},\"potentialAction\":[{\"@type\":\"SearchAction\",\"target\":{\"@type\":\"EntryPoint\",\"urlTemplate\":\"https:\\\/\\\/cruzverde.pt\\\/en\\\/?s={search_term_string}\"},\"query-input\":{\"@type\":\"PropertyValueSpecification\",\"valueRequired\":true,\"valueName\":\"search_term_string\"}}],\"inLanguage\":\"en-US\"},{\"@type\":\"Organization\",\"@id\":\"https:\\\/\\\/cruzverde.pt\\\/en\\\/#organization\",\"name\":\"Cruz Verde\",\"url\":\"https:\\\/\\\/cruzverde.pt\\\/en\\\/\",\"logo\":{\"@type\":\"ImageObject\",\"inLanguage\":\"en-US\",\"@id\":\"https:\\\/\\\/cruzverde.pt\\\/en\\\/#\\\/schema\\\/logo\\\/image\\\/\",\"url\":\"https:\\\/\\\/cruzverde.pt\\\/wp-content\\\/uploads\\\/2026\\\/05\\\/CV-com-frase-Horizontal-logotipo_big-Converted.png\",\"contentUrl\":\"https:\\\/\\\/cruzverde.pt\\\/wp-content\\\/uploads\\\/2026\\\/05\\\/CV-com-frase-Horizontal-logotipo_big-Converted.png\",\"width\":1701,\"height\":392,\"caption\":\"Cruz Verde\"},\"image\":{\"@id\":\"https:\\\/\\\/cruzverde.pt\\\/en\\\/#\\\/schema\\\/logo\\\/image\\\/\"}},{\"@type\":\"Person\",\"@id\":\"https:\\\/\\\/cruzverde.pt\\\/en\\\/#\\\/schema\\\/person\\\/8d69cb30614c6954586bc1face84c15d\",\"name\":\"master\",\"image\":{\"@type\":\"ImageObject\",\"inLanguage\":\"en-US\",\"@id\":\"https:\\\/\\\/secure.gravatar.com\\\/avatar\\\/7bb03eb4f12f9181edab20be17f0576353a096fec16b60ef6c49c5f7ad1208cc?s=96&d=mm&r=g\",\"url\":\"https:\\\/\\\/secure.gravatar.com\\\/avatar\\\/7bb03eb4f12f9181edab20be17f0576353a096fec16b60ef6c49c5f7ad1208cc?s=96&d=mm&r=g\",\"contentUrl\":\"https:\\\/\\\/secure.gravatar.com\\\/avatar\\\/7bb03eb4f12f9181edab20be17f0576353a096fec16b60ef6c49c5f7ad1208cc?s=96&d=mm&r=g\",\"caption\":\"master\"},\"sameAs\":[\"https:\\\/\\\/cruzverde.pt\"],\"url\":\"https:\\\/\\\/cruzverde.pt\\\/en\\\/author\\\/master\\\/\"}]}<\/script>\n<!-- \/ Yoast SEO plugin. -->","yoast_head_json":{"title":"Psicologia - Refor\u00e7o Positivo - Cruz Verde","robots":{"index":"index","follow":"follow","max-snippet":"max-snippet:-1","max-image-preview":"max-image-preview:large","max-video-preview":"max-video-preview:-1"},"canonical":"https:\/\/cruzverde.pt\/en\/psicologia-reforco-positivo\/","og_locale":"en_US","og_type":"article","og_title":"Psicologia - Refor\u00e7o Positivo - Cruz Verde","og_description":"Veja as recomenda\u00e7\u00f5es da Dra. Catarina Castro que nos esclarece sobre o Refor\u00e7o Positivo. Como fortalecer a autoestima do teu filho todos os dias Sabia que a forma como elogia o seu filho pode influenciar diretamente a forma como ele se v\u00ea a si pr\u00f3prio? O elogio \u00e9 uma ferramenta poderosa na parentalidade \u2014 mas [&hellip;]","og_url":"https:\/\/cruzverde.pt\/en\/psicologia-reforco-positivo\/","og_site_name":"Cruz Verde","article_published_time":"2025-06-02T12:06:00+00:00","article_modified_time":"2026-06-19T12:07:56+00:00","og_image":[{"width":1200,"height":900,"url":"https:\/\/cruzverde.pt\/wp-content\/uploads\/2026\/06\/psicologia-dracatarinacastro-cruzverde-reforco-positivo.jpg","type":"image\/jpeg"}],"author":"master","twitter_card":"summary_large_image","twitter_misc":{"Written by":"master","Est. reading time":"2 minutes"},"schema":{"@context":"https:\/\/schema.org","@graph":[{"@type":"Article","@id":"https:\/\/cruzverde.pt\/en\/psicologia-reforco-positivo\/#article","isPartOf":{"@id":"https:\/\/cruzverde.pt\/en\/psicologia-reforco-positivo\/"},"author":{"name":"master","@id":"https:\/\/cruzverde.pt\/en\/#\/schema\/person\/8d69cb30614c6954586bc1face84c15d"},"headline":"Psicologia &#8211; Refor\u00e7o Positivo","datePublished":"2025-06-02T12:06:00+00:00","dateModified":"2026-06-19T12:07:56+00:00","mainEntityOfPage":{"@id":"https:\/\/cruzverde.pt\/en\/psicologia-reforco-positivo\/"},"wordCount":297,"publisher":{"@id":"https:\/\/cruzverde.pt\/en\/#organization"},"image":{"@id":"https:\/\/cruzverde.pt\/en\/psicologia-reforco-positivo\/#primaryimage"},"thumbnailUrl":"https:\/\/cruzverde.pt\/wp-content\/uploads\/2026\/06\/psicologia-dracatarinacastro-cruzverde-reforco-positivo.jpg","articleSection":["Psicologia"],"inLanguage":"en-US"},{"@type":"WebPage","@id":"https:\/\/cruzverde.pt\/en\/psicologia-reforco-positivo\/","url":"https:\/\/cruzverde.pt\/en\/psicologia-reforco-positivo\/","name":"Psicologia - Refor\u00e7o Positivo - Cruz Verde","isPartOf":{"@id":"https:\/\/cruzverde.pt\/en\/#website"},"primaryImageOfPage":{"@id":"https:\/\/cruzverde.pt\/en\/psicologia-reforco-positivo\/#primaryimage"},"image":{"@id":"https:\/\/cruzverde.pt\/en\/psicologia-reforco-positivo\/#primaryimage"},"thumbnailUrl":"https:\/\/cruzverde.pt\/wp-content\/uploads\/2026\/06\/psicologia-dracatarinacastro-cruzverde-reforco-positivo.jpg","datePublished":"2025-06-02T12:06:00+00:00","dateModified":"2026-06-19T12:07:56+00:00","breadcrumb":{"@id":"https:\/\/cruzverde.pt\/en\/psicologia-reforco-positivo\/#breadcrumb"},"inLanguage":"en-US","potentialAction":[{"@type":"ReadAction","target":["https:\/\/cruzverde.pt\/en\/psicologia-reforco-positivo\/"]}]},{"@type":"ImageObject","inLanguage":"en-US","@id":"https:\/\/cruzverde.pt\/en\/psicologia-reforco-positivo\/#primaryimage","url":"https:\/\/cruzverde.pt\/wp-content\/uploads\/2026\/06\/psicologia-dracatarinacastro-cruzverde-reforco-positivo.jpg","contentUrl":"https:\/\/cruzverde.pt\/wp-content\/uploads\/2026\/06\/psicologia-dracatarinacastro-cruzverde-reforco-positivo.jpg","width":1200,"height":900,"caption":"Psicologia Cruz verde refor\u00e7o positivo"},{"@type":"BreadcrumbList","@id":"https:\/\/cruzverde.pt\/en\/psicologia-reforco-positivo\/#breadcrumb","itemListElement":[{"@type":"ListItem","position":1,"name":"Home","item":"https:\/\/cruzverde.pt\/en\/"},{"@type":"ListItem","position":2,"name":"Psicologia &#8211; Refor\u00e7o Positivo"}]},{"@type":"WebSite","@id":"https:\/\/cruzverde.pt\/en\/#website","url":"https:\/\/cruzverde.pt\/en\/","name":"Cruz Verde","description":"","publisher":{"@id":"https:\/\/cruzverde.pt\/en\/#organization"},"potentialAction":[{"@type":"SearchAction","target":{"@type":"EntryPoint","urlTemplate":"https:\/\/cruzverde.pt\/en\/?s={search_term_string}"},"query-input":{"@type":"PropertyValueSpecification","valueRequired":true,"valueName":"search_term_string"}}],"inLanguage":"en-US"},{"@type":"Organization","@id":"https:\/\/cruzverde.pt\/en\/#organization","name":"Cruz Verde","url":"https:\/\/cruzverde.pt\/en\/","logo":{"@type":"ImageObject","inLanguage":"en-US","@id":"https:\/\/cruzverde.pt\/en\/#\/schema\/logo\/image\/","url":"https:\/\/cruzverde.pt\/wp-content\/uploads\/2026\/05\/CV-com-frase-Horizontal-logotipo_big-Converted.png","contentUrl":"https:\/\/cruzverde.pt\/wp-content\/uploads\/2026\/05\/CV-com-frase-Horizontal-logotipo_big-Converted.png","width":1701,"height":392,"caption":"Cruz Verde"},"image":{"@id":"https:\/\/cruzverde.pt\/en\/#\/schema\/logo\/image\/"}},{"@type":"Person","@id":"https:\/\/cruzverde.pt\/en\/#\/schema\/person\/8d69cb30614c6954586bc1face84c15d","name":"master","image":{"@type":"ImageObject","inLanguage":"en-US","@id":"https:\/\/secure.gravatar.com\/avatar\/7bb03eb4f12f9181edab20be17f0576353a096fec16b60ef6c49c5f7ad1208cc?s=96&d=mm&r=g","url":"https:\/\/secure.gravatar.com\/avatar\/7bb03eb4f12f9181edab20be17f0576353a096fec16b60ef6c49c5f7ad1208cc?s=96&d=mm&r=g","contentUrl":"https:\/\/secure.gravatar.com\/avatar\/7bb03eb4f12f9181edab20be17f0576353a096fec16b60ef6c49c5f7ad1208cc?s=96&d=mm&r=g","caption":"master"},"sameAs":["https:\/\/cruzverde.pt"],"url":"https:\/\/cruzverde.pt\/en\/author\/master\/"}]}},"_links":{"self":[{"href":"https:\/\/cruzverde.pt\/en\/wp-json\/wp\/v2\/posts\/2418","targetHints":{"allow":["GET"]}}],"collection":[{"href":"https:\/\/cruzverde.pt\/en\/wp-json\/wp\/v2\/posts"}],"about":[{"href":"https:\/\/cruzverde.pt\/en\/wp-json\/wp\/v2\/types\/post"}],"author":[{"embeddable":true,"href":"https:\/\/cruzverde.pt\/en\/wp-json\/wp\/v2\/users\/1"}],"replies":[{"embeddable":true,"href":"https:\/\/cruzverde.pt\/en\/wp-json\/wp\/v2\/comments?post=2418"}],"version-history":[{"count":1,"href":"https:\/\/cruzverde.pt\/en\/wp-json\/wp\/v2\/posts\/2418\/revisions"}],"predecessor-version":[{"id":2424,"href":"https:\/\/cruzverde.pt\/en\/wp-json\/wp\/v2\/posts\/2418\/revisions\/2424"}],"wp:featuredmedia":[{"embeddable":true,"href":"https:\/\/cruzverde.pt\/en\/wp-json\/wp\/v2\/media\/2421"}],"wp:attachment":[{"href":"https:\/\/cruzverde.pt\/en\/wp-json\/wp\/v2\/media?parent=2418"}],"wp:term":[{"taxonomy":"category","embeddable":true,"href":"https:\/\/cruzverde.pt\/en\/wp-json\/wp\/v2\/categories?post=2418"},{"taxonomy":"post_tag","embeddable":true,"href":"https:\/\/cruzverde.pt\/en\/wp-json\/wp\/v2\/tags?post=2418"}],"curies":[{"name":"wp","href":"https:\/\/api.w.org\/{rel}","templated":true}]}}