{"id":2452,"date":"2025-08-15T13:31:00","date_gmt":"2025-08-15T12:31:00","guid":{"rendered":"https:\/\/cruzverde.pt\/?p=2452"},"modified":"2026-07-16T19:12:02","modified_gmt":"2026-07-16T18:12:02","slug":"temos-acordo-com-a-rede-multicare","status":"publish","type":"post","link":"https:\/\/cruzverde.pt\/en\/temos-acordo-com-a-rede-multicare\/","title":{"rendered":"Temos Acordo com a rede Multicare"},"content":{"rendered":"\n<p class=\"wp-block-paragraph\">Sabia que a&nbsp;<strong>Cruz Verde<\/strong>&nbsp;tem protocolo com a rede MULTICARE e inclui:<\/p>\n\n\n\n<p class=\"has-text-color has-link-color wp-elements-1 wp-block-paragraph\" style=\"color:#00833f\"><strong>ESPECIALIDADES*:<\/strong><\/p>\n\n\n\n<ul class=\"wp-block-list\">\n<li>Cl\u00ednica Geral\/Medicina Geral e Familiar<\/li>\n\n\n\n<li>Cirurgia Geral (Bari\u00e1trica\/Obesidade)<\/li>\n\n\n\n<li>Cirurgia Vascular<\/li>\n\n\n\n<li>Dermatologia<\/li>\n\n\n\n<li>Endocrinologia<\/li>\n\n\n\n<li>Fisiatria\/Terapia da Dor<\/li>\n\n\n\n<li>Ginecologia\/Obstetr\u00edcia<\/li>\n\n\n\n<li>Nutri\u00e7\u00e3o Cl\u00ednica<\/li>\n\n\n\n<li>Oftalmologia<\/li>\n\n\n\n<li>Ortopedia<\/li>\n\n\n\n<li>Otorrinolaringologia<\/li>\n\n\n\n<li>Pediatria\/Alergologia<\/li>\n\n\n\n<li>Pneumologia<\/li>\n\n\n\n<li>Podologia<\/li>\n\n\n\n<li>Psicologia Cl\u00ednica<\/li>\n\n\n\n<li>Terapia da Fala<\/li>\n\n\n\n<li>Urologia<\/li>\n<\/ul>\n\n\n\n<p class=\"has-text-color has-link-color wp-elements-2 wp-block-paragraph\" style=\"color:#00833f\"><br><strong>MCDT (Exames)*:<\/strong><\/p>\n\n\n\n<p class=\"wp-block-paragraph\"><strong>An\u00e1lises Cl\u00ednicas<br><\/strong><br><strong>Anatomia Patol\u00f3gica<br><\/strong><br><strong>Imagiologia&nbsp;<\/strong><\/p>\n\n\n\n<ul class=\"wp-block-list\">\n<li>Eco-Doppler<\/li>\n\n\n\n<li>Ecografias<\/li>\n\n\n\n<li>Mamografia<\/li>\n\n\n\n<li>Raios X<\/li>\n\n\n\n<li>Radiologia Dent\u00e1ria: Ortopantomografia<\/li>\n\n\n\n<li>Radiologia Dent\u00e1ria: Telerradiografia<\/li>\n\n\n\n<li>Tomografia Axial Computorizada (TAC)&nbsp;<\/li>\n<\/ul>\n\n\n\n<p class=\"wp-block-paragraph\"><br><strong>Pneumologia&nbsp;<br><\/strong><br><strong>Provas Funcionais Respirat\u00f3rias:&nbsp;<\/strong><\/p>\n\n\n\n<ul class=\"wp-block-list\">\n<li>Espirometria, Incluindo Curva D\u00e9bito Volume<\/li>\n\n\n\n<li>Prova de Broncodilata\u00e7\u00e3o (acresce \u00e0 prova basal)<\/li>\n\n\n\n<li>Capacidade de difus\u00e3o do CO por respira\u00e7\u00e3o \u00fanica<\/li>\n<\/ul>\n\n\n\n<p class=\"wp-block-paragraph\"><br><strong>Urofluxometria<\/strong><\/p>\n\n\n\n<ul class=\"wp-block-list\">\n<li>Fluxometria<\/li>\n<\/ul>\n\n\n\n<p class=\"wp-block-paragraph\"><br><strong>OUTROS*:<\/strong><\/p>\n\n\n\n<ul class=\"wp-block-list\">\n<li>Enfermagem<\/li>\n<\/ul>\n\n\n\n<p class=\"wp-block-paragraph\"><br>* Alguns dos servi\u00e7os m\u00e9dicos apresentados podem n\u00e3o contemplar este acordo, para mais informa\u00e7\u00f5es consultar nas nossas instala\u00e7\u00f5es.<br>&nbsp;<\/p>\n\n\n\n<p class=\"wp-block-paragraph\">Para usufruir do acesso a cuidados de sa\u00fade da Multicare \u00e9 importante trazer consigo:<\/p>\n\n\n\n<ul class=\"wp-block-list\">\n<li>Documento de identifica\u00e7\u00e3o civil, com fotografia;<\/li>\n\n\n\n<li>Cart\u00e3o do seguro de sa\u00fade;<\/li>\n\n\n\n<li>Requisi\u00e7\u00e3o m\u00e9dica do(s) servi\u00e7o(s) para os Exames Complementares de Diagn\u00f3stico a realizar.<\/li>\n<\/ul>\n\n\n\n<p class=\"wp-block-paragraph\"><br><strong>Marca\u00e7\u00f5es e mais informa\u00e7\u00f5es:&nbsp;<\/strong><br>253 514 812 \/ 253 512 803<br>marcacaoexames@cruzverde.pt&nbsp;<\/p>\n","protected":false},"excerpt":{"rendered":"<p>Sabia que a&nbsp;Cruz Verde&nbsp;tem protocolo com a rede MULTICARE e inclui: ESPECIALIDADES*: MCDT (Exames)*: An\u00e1lises Cl\u00ednicasAnatomia Patol\u00f3gicaImagiologia&nbsp; Pneumologia&nbsp;Provas Funcionais Respirat\u00f3rias:&nbsp; Urofluxometria OUTROS*: * Alguns dos servi\u00e7os m\u00e9dicos apresentados podem n\u00e3o contemplar este acordo, para mais informa\u00e7\u00f5es consultar nas nossas instala\u00e7\u00f5es.&nbsp; Para usufruir do acesso a cuidados de sa\u00fade da Multicare \u00e9 importante trazer consigo: Marca\u00e7\u00f5es [&hellip;]<\/p>\n","protected":false},"author":1,"featured_media":2454,"comment_status":"closed","ping_status":"closed","sticky":false,"template":"","format":"standard","meta":{"_acf_changed":false,"inline_featured_image":false,"footnotes":""},"categories":[115],"tags":[],"class_list":["post-2452","post","type-post","status-publish","format-standard","has-post-thumbnail","hentry","category-acordos"],"acf":[],"yoast_head":"<!-- This site is optimized with the Yoast SEO plugin v27.8 - https:\/\/yoast.com\/product\/yoast-seo-wordpress\/ -->\n<title>Temos Acordo com a rede Multicare - Cruz Verde<\/title>\n<meta name=\"robots\" content=\"index, follow, max-snippet:-1, max-image-preview:large, max-video-preview:-1\" \/>\n<link rel=\"canonical\" href=\"https:\/\/cruzverde.pt\/en\/temos-acordo-com-a-rede-multicare\/\" \/>\n<meta property=\"og:locale\" content=\"en_US\" \/>\n<meta property=\"og:type\" content=\"article\" \/>\n<meta property=\"og:title\" content=\"Temos Acordo com a rede Multicare - Cruz Verde\" \/>\n<meta property=\"og:description\" content=\"Sabia que a&nbsp;Cruz Verde&nbsp;tem protocolo com a rede MULTICARE e inclui: ESPECIALIDADES*: MCDT (Exames)*: An\u00e1lises Cl\u00ednicasAnatomia Patol\u00f3gicaImagiologia&nbsp; Pneumologia&nbsp;Provas Funcionais Respirat\u00f3rias:&nbsp; Urofluxometria OUTROS*: * Alguns dos servi\u00e7os m\u00e9dicos apresentados podem n\u00e3o contemplar este acordo, para mais informa\u00e7\u00f5es consultar nas nossas instala\u00e7\u00f5es.&nbsp; Para usufruir do acesso a cuidados de sa\u00fade da Multicare \u00e9 importante trazer consigo: Marca\u00e7\u00f5es [&hellip;]\" \/>\n<meta property=\"og:url\" content=\"https:\/\/cruzverde.pt\/en\/temos-acordo-com-a-rede-multicare\/\" \/>\n<meta property=\"og:site_name\" content=\"Cruz Verde\" \/>\n<meta property=\"article:published_time\" content=\"2025-08-15T12:31:00+00:00\" \/>\n<meta property=\"article:modified_time\" content=\"2026-07-16T18:12:02+00:00\" \/>\n<meta property=\"og:image\" content=\"https:\/\/cruzverde.pt\/wp-content\/uploads\/2026\/06\/Design-sem-nome-63.jpg\" \/>\n\t<meta property=\"og:image:width\" content=\"1200\" \/>\n\t<meta property=\"og:image:height\" content=\"900\" \/>\n\t<meta property=\"og:image:type\" content=\"image\/jpeg\" \/>\n<meta name=\"author\" content=\"master\" \/>\n<meta name=\"twitter:card\" content=\"summary_large_image\" \/>\n<meta name=\"twitter:label1\" content=\"Written by\" \/>\n\t<meta name=\"twitter:data1\" content=\"master\" \/>\n\t<meta name=\"twitter:label2\" content=\"Est. reading time\" \/>\n\t<meta name=\"twitter:data2\" content=\"2 minutes\" \/>\n<script type=\"application\/ld+json\" class=\"yoast-schema-graph\">{\"@context\":\"https:\\\/\\\/schema.org\",\"@graph\":[{\"@type\":\"Article\",\"@id\":\"https:\\\/\\\/cruzverde.pt\\\/en\\\/temos-acordo-com-a-rede-multicare\\\/#article\",\"isPartOf\":{\"@id\":\"https:\\\/\\\/cruzverde.pt\\\/en\\\/temos-acordo-com-a-rede-multicare\\\/\"},\"author\":{\"name\":\"master\",\"@id\":\"https:\\\/\\\/cruzverde.pt\\\/en\\\/#\\\/schema\\\/person\\\/8d69cb30614c6954586bc1face84c15d\"},\"headline\":\"Temos Acordo com a rede Multicare\",\"datePublished\":\"2025-08-15T12:31:00+00:00\",\"dateModified\":\"2026-07-16T18:12:02+00:00\",\"mainEntityOfPage\":{\"@id\":\"https:\\\/\\\/cruzverde.pt\\\/en\\\/temos-acordo-com-a-rede-multicare\\\/\"},\"wordCount\":206,\"publisher\":{\"@id\":\"https:\\\/\\\/cruzverde.pt\\\/en\\\/#organization\"},\"image\":{\"@id\":\"https:\\\/\\\/cruzverde.pt\\\/en\\\/temos-acordo-com-a-rede-multicare\\\/#primaryimage\"},\"thumbnailUrl\":\"https:\\\/\\\/cruzverde.pt\\\/wp-content\\\/uploads\\\/2026\\\/06\\\/Design-sem-nome-63.jpg\",\"articleSection\":[\"Acordos\"],\"inLanguage\":\"en-US\"},{\"@type\":\"WebPage\",\"@id\":\"https:\\\/\\\/cruzverde.pt\\\/en\\\/temos-acordo-com-a-rede-multicare\\\/\",\"url\":\"https:\\\/\\\/cruzverde.pt\\\/en\\\/temos-acordo-com-a-rede-multicare\\\/\",\"name\":\"Temos Acordo com a rede Multicare - Cruz Verde\",\"isPartOf\":{\"@id\":\"https:\\\/\\\/cruzverde.pt\\\/en\\\/#website\"},\"primaryImageOfPage\":{\"@id\":\"https:\\\/\\\/cruzverde.pt\\\/en\\\/temos-acordo-com-a-rede-multicare\\\/#primaryimage\"},\"image\":{\"@id\":\"https:\\\/\\\/cruzverde.pt\\\/en\\\/temos-acordo-com-a-rede-multicare\\\/#primaryimage\"},\"thumbnailUrl\":\"https:\\\/\\\/cruzverde.pt\\\/wp-content\\\/uploads\\\/2026\\\/06\\\/Design-sem-nome-63.jpg\",\"datePublished\":\"2025-08-15T12:31:00+00:00\",\"dateModified\":\"2026-07-16T18:12:02+00:00\",\"breadcrumb\":{\"@id\":\"https:\\\/\\\/cruzverde.pt\\\/en\\\/temos-acordo-com-a-rede-multicare\\\/#breadcrumb\"},\"inLanguage\":\"en-US\",\"potentialAction\":[{\"@type\":\"ReadAction\",\"target\":[\"https:\\\/\\\/cruzverde.pt\\\/en\\\/temos-acordo-com-a-rede-multicare\\\/\"]}]},{\"@type\":\"ImageObject\",\"inLanguage\":\"en-US\",\"@id\":\"https:\\\/\\\/cruzverde.pt\\\/en\\\/temos-acordo-com-a-rede-multicare\\\/#primaryimage\",\"url\":\"https:\\\/\\\/cruzverde.pt\\\/wp-content\\\/uploads\\\/2026\\\/06\\\/Design-sem-nome-63.jpg\",\"contentUrl\":\"https:\\\/\\\/cruzverde.pt\\\/wp-content\\\/uploads\\\/2026\\\/06\\\/Design-sem-nome-63.jpg\",\"width\":1200,\"height\":900,\"caption\":\"multicare cruz verde protocolo\"},{\"@type\":\"BreadcrumbList\",\"@id\":\"https:\\\/\\\/cruzverde.pt\\\/en\\\/temos-acordo-com-a-rede-multicare\\\/#breadcrumb\",\"itemListElement\":[{\"@type\":\"ListItem\",\"position\":1,\"name\":\"Home\",\"item\":\"https:\\\/\\\/cruzverde.pt\\\/en\\\/\"},{\"@type\":\"ListItem\",\"position\":2,\"name\":\"Temos Acordo com a rede Multicare\"}]},{\"@type\":\"WebSite\",\"@id\":\"https:\\\/\\\/cruzverde.pt\\\/en\\\/#website\",\"url\":\"https:\\\/\\\/cruzverde.pt\\\/en\\\/\",\"name\":\"Cruz Verde\",\"description\":\"My WordPress Blog\",\"publisher\":{\"@id\":\"https:\\\/\\\/cruzverde.pt\\\/en\\\/#organization\"},\"potentialAction\":[{\"@type\":\"SearchAction\",\"target\":{\"@type\":\"EntryPoint\",\"urlTemplate\":\"https:\\\/\\\/cruzverde.pt\\\/en\\\/?s={search_term_string}\"},\"query-input\":{\"@type\":\"PropertyValueSpecification\",\"valueRequired\":true,\"valueName\":\"search_term_string\"}}],\"inLanguage\":\"en-US\"},{\"@type\":\"Organization\",\"@id\":\"https:\\\/\\\/cruzverde.pt\\\/en\\\/#organization\",\"name\":\"Cruz Verde\",\"url\":\"https:\\\/\\\/cruzverde.pt\\\/en\\\/\",\"logo\":{\"@type\":\"ImageObject\",\"inLanguage\":\"en-US\",\"@id\":\"https:\\\/\\\/cruzverde.pt\\\/en\\\/#\\\/schema\\\/logo\\\/image\\\/\",\"url\":\"https:\\\/\\\/cruzverde.pt\\\/wp-content\\\/uploads\\\/2026\\\/05\\\/CV-com-frase-Horizontal-logotipo_big-Converted.png\",\"contentUrl\":\"https:\\\/\\\/cruzverde.pt\\\/wp-content\\\/uploads\\\/2026\\\/05\\\/CV-com-frase-Horizontal-logotipo_big-Converted.png\",\"width\":1701,\"height\":392,\"caption\":\"Cruz Verde\"},\"image\":{\"@id\":\"https:\\\/\\\/cruzverde.pt\\\/en\\\/#\\\/schema\\\/logo\\\/image\\\/\"}},{\"@type\":\"Person\",\"@id\":\"https:\\\/\\\/cruzverde.pt\\\/en\\\/#\\\/schema\\\/person\\\/8d69cb30614c6954586bc1face84c15d\",\"name\":\"master\",\"image\":{\"@type\":\"ImageObject\",\"inLanguage\":\"en-US\",\"@id\":\"https:\\\/\\\/secure.gravatar.com\\\/avatar\\\/7bb03eb4f12f9181edab20be17f0576353a096fec16b60ef6c49c5f7ad1208cc?s=96&d=mm&r=g\",\"url\":\"https:\\\/\\\/secure.gravatar.com\\\/avatar\\\/7bb03eb4f12f9181edab20be17f0576353a096fec16b60ef6c49c5f7ad1208cc?s=96&d=mm&r=g\",\"contentUrl\":\"https:\\\/\\\/secure.gravatar.com\\\/avatar\\\/7bb03eb4f12f9181edab20be17f0576353a096fec16b60ef6c49c5f7ad1208cc?s=96&d=mm&r=g\",\"caption\":\"master\"},\"sameAs\":[\"https:\\\/\\\/cruzverde.pt\"],\"url\":\"https:\\\/\\\/cruzverde.pt\\\/en\\\/author\\\/master\\\/\"}]}<\/script>\n<!-- \/ Yoast SEO plugin. -->","yoast_head_json":{"title":"Temos Acordo com a rede Multicare - Cruz Verde","robots":{"index":"index","follow":"follow","max-snippet":"max-snippet:-1","max-image-preview":"max-image-preview:large","max-video-preview":"max-video-preview:-1"},"canonical":"https:\/\/cruzverde.pt\/en\/temos-acordo-com-a-rede-multicare\/","og_locale":"en_US","og_type":"article","og_title":"Temos Acordo com a rede Multicare - Cruz Verde","og_description":"Sabia que a&nbsp;Cruz Verde&nbsp;tem protocolo com a rede MULTICARE e inclui: ESPECIALIDADES*: MCDT (Exames)*: An\u00e1lises Cl\u00ednicasAnatomia Patol\u00f3gicaImagiologia&nbsp; Pneumologia&nbsp;Provas Funcionais Respirat\u00f3rias:&nbsp; Urofluxometria OUTROS*: * Alguns dos servi\u00e7os m\u00e9dicos apresentados podem n\u00e3o contemplar este acordo, para mais informa\u00e7\u00f5es consultar nas nossas instala\u00e7\u00f5es.&nbsp; Para usufruir do acesso a cuidados de sa\u00fade da Multicare \u00e9 importante trazer consigo: Marca\u00e7\u00f5es [&hellip;]","og_url":"https:\/\/cruzverde.pt\/en\/temos-acordo-com-a-rede-multicare\/","og_site_name":"Cruz Verde","article_published_time":"2025-08-15T12:31:00+00:00","article_modified_time":"2026-07-16T18:12:02+00:00","og_image":[{"width":1200,"height":900,"url":"https:\/\/cruzverde.pt\/wp-content\/uploads\/2026\/06\/Design-sem-nome-63.jpg","type":"image\/jpeg"}],"author":"master","twitter_card":"summary_large_image","twitter_misc":{"Written by":"master","Est. reading time":"2 minutes"},"schema":{"@context":"https:\/\/schema.org","@graph":[{"@type":"Article","@id":"https:\/\/cruzverde.pt\/en\/temos-acordo-com-a-rede-multicare\/#article","isPartOf":{"@id":"https:\/\/cruzverde.pt\/en\/temos-acordo-com-a-rede-multicare\/"},"author":{"name":"master","@id":"https:\/\/cruzverde.pt\/en\/#\/schema\/person\/8d69cb30614c6954586bc1face84c15d"},"headline":"Temos Acordo com a rede Multicare","datePublished":"2025-08-15T12:31:00+00:00","dateModified":"2026-07-16T18:12:02+00:00","mainEntityOfPage":{"@id":"https:\/\/cruzverde.pt\/en\/temos-acordo-com-a-rede-multicare\/"},"wordCount":206,"publisher":{"@id":"https:\/\/cruzverde.pt\/en\/#organization"},"image":{"@id":"https:\/\/cruzverde.pt\/en\/temos-acordo-com-a-rede-multicare\/#primaryimage"},"thumbnailUrl":"https:\/\/cruzverde.pt\/wp-content\/uploads\/2026\/06\/Design-sem-nome-63.jpg","articleSection":["Acordos"],"inLanguage":"en-US"},{"@type":"WebPage","@id":"https:\/\/cruzverde.pt\/en\/temos-acordo-com-a-rede-multicare\/","url":"https:\/\/cruzverde.pt\/en\/temos-acordo-com-a-rede-multicare\/","name":"Temos Acordo com a rede Multicare - Cruz Verde","isPartOf":{"@id":"https:\/\/cruzverde.pt\/en\/#website"},"primaryImageOfPage":{"@id":"https:\/\/cruzverde.pt\/en\/temos-acordo-com-a-rede-multicare\/#primaryimage"},"image":{"@id":"https:\/\/cruzverde.pt\/en\/temos-acordo-com-a-rede-multicare\/#primaryimage"},"thumbnailUrl":"https:\/\/cruzverde.pt\/wp-content\/uploads\/2026\/06\/Design-sem-nome-63.jpg","datePublished":"2025-08-15T12:31:00+00:00","dateModified":"2026-07-16T18:12:02+00:00","breadcrumb":{"@id":"https:\/\/cruzverde.pt\/en\/temos-acordo-com-a-rede-multicare\/#breadcrumb"},"inLanguage":"en-US","potentialAction":[{"@type":"ReadAction","target":["https:\/\/cruzverde.pt\/en\/temos-acordo-com-a-rede-multicare\/"]}]},{"@type":"ImageObject","inLanguage":"en-US","@id":"https:\/\/cruzverde.pt\/en\/temos-acordo-com-a-rede-multicare\/#primaryimage","url":"https:\/\/cruzverde.pt\/wp-content\/uploads\/2026\/06\/Design-sem-nome-63.jpg","contentUrl":"https:\/\/cruzverde.pt\/wp-content\/uploads\/2026\/06\/Design-sem-nome-63.jpg","width":1200,"height":900,"caption":"multicare cruz verde protocolo"},{"@type":"BreadcrumbList","@id":"https:\/\/cruzverde.pt\/en\/temos-acordo-com-a-rede-multicare\/#breadcrumb","itemListElement":[{"@type":"ListItem","position":1,"name":"Home","item":"https:\/\/cruzverde.pt\/en\/"},{"@type":"ListItem","position":2,"name":"Temos Acordo com a rede Multicare"}]},{"@type":"WebSite","@id":"https:\/\/cruzverde.pt\/en\/#website","url":"https:\/\/cruzverde.pt\/en\/","name":"Cruz Verde","description":"My WordPress Blog","publisher":{"@id":"https:\/\/cruzverde.pt\/en\/#organization"},"potentialAction":[{"@type":"SearchAction","target":{"@type":"EntryPoint","urlTemplate":"https:\/\/cruzverde.pt\/en\/?s={search_term_string}"},"query-input":{"@type":"PropertyValueSpecification","valueRequired":true,"valueName":"search_term_string"}}],"inLanguage":"en-US"},{"@type":"Organization","@id":"https:\/\/cruzverde.pt\/en\/#organization","name":"Cruz Verde","url":"https:\/\/cruzverde.pt\/en\/","logo":{"@type":"ImageObject","inLanguage":"en-US","@id":"https:\/\/cruzverde.pt\/en\/#\/schema\/logo\/image\/","url":"https:\/\/cruzverde.pt\/wp-content\/uploads\/2026\/05\/CV-com-frase-Horizontal-logotipo_big-Converted.png","contentUrl":"https:\/\/cruzverde.pt\/wp-content\/uploads\/2026\/05\/CV-com-frase-Horizontal-logotipo_big-Converted.png","width":1701,"height":392,"caption":"Cruz Verde"},"image":{"@id":"https:\/\/cruzverde.pt\/en\/#\/schema\/logo\/image\/"}},{"@type":"Person","@id":"https:\/\/cruzverde.pt\/en\/#\/schema\/person\/8d69cb30614c6954586bc1face84c15d","name":"master","image":{"@type":"ImageObject","inLanguage":"en-US","@id":"https:\/\/secure.gravatar.com\/avatar\/7bb03eb4f12f9181edab20be17f0576353a096fec16b60ef6c49c5f7ad1208cc?s=96&d=mm&r=g","url":"https:\/\/secure.gravatar.com\/avatar\/7bb03eb4f12f9181edab20be17f0576353a096fec16b60ef6c49c5f7ad1208cc?s=96&d=mm&r=g","contentUrl":"https:\/\/secure.gravatar.com\/avatar\/7bb03eb4f12f9181edab20be17f0576353a096fec16b60ef6c49c5f7ad1208cc?s=96&d=mm&r=g","caption":"master"},"sameAs":["https:\/\/cruzverde.pt"],"url":"https:\/\/cruzverde.pt\/en\/author\/master\/"}]}},"_links":{"self":[{"href":"https:\/\/cruzverde.pt\/en\/wp-json\/wp\/v2\/posts\/2452","targetHints":{"allow":["GET"]}}],"collection":[{"href":"https:\/\/cruzverde.pt\/en\/wp-json\/wp\/v2\/posts"}],"about":[{"href":"https:\/\/cruzverde.pt\/en\/wp-json\/wp\/v2\/types\/post"}],"author":[{"embeddable":true,"href":"https:\/\/cruzverde.pt\/en\/wp-json\/wp\/v2\/users\/1"}],"replies":[{"embeddable":true,"href":"https:\/\/cruzverde.pt\/en\/wp-json\/wp\/v2\/comments?post=2452"}],"version-history":[{"count":4,"href":"https:\/\/cruzverde.pt\/en\/wp-json\/wp\/v2\/posts\/2452\/revisions"}],"predecessor-version":[{"id":3135,"href":"https:\/\/cruzverde.pt\/en\/wp-json\/wp\/v2\/posts\/2452\/revisions\/3135"}],"wp:featuredmedia":[{"embeddable":true,"href":"https:\/\/cruzverde.pt\/en\/wp-json\/wp\/v2\/media\/2454"}],"wp:attachment":[{"href":"https:\/\/cruzverde.pt\/en\/wp-json\/wp\/v2\/media?parent=2452"}],"wp:term":[{"taxonomy":"category","embeddable":true,"href":"https:\/\/cruzverde.pt\/en\/wp-json\/wp\/v2\/categories?post=2452"},{"taxonomy":"post_tag","embeddable":true,"href":"https:\/\/cruzverde.pt\/en\/wp-json\/wp\/v2\/tags?post=2452"}],"curies":[{"name":"wp","href":"https:\/\/api.w.org\/{rel}","templated":true}]}}