{"id":2609,"date":"2026-02-02T15:25:00","date_gmt":"2026-02-02T15:25:00","guid":{"rendered":"https:\/\/cruzverde.pt\/?p=2609"},"modified":"2026-06-19T15:27:14","modified_gmt":"2026-06-19T14:27:14","slug":"psicologia-reflexao-da-dra-catarina-castro-sobre-relacoes-que-cuidam-regulam-emocoes-e-promovem-crescimento","status":"publish","type":"post","link":"https:\/\/cruzverde.pt\/en\/psicologia-reflexao-da-dra-catarina-castro-sobre-relacoes-que-cuidam-regulam-emocoes-e-promovem-crescimento\/","title":{"rendered":"Psicologia &#8211; reflex\u00e3o da Dra. Catarina Castro sobre rela\u00e7\u00f5es que cuidam, regulam emo\u00e7\u00f5es e promovem crescimento."},"content":{"rendered":"\n<p class=\"wp-block-paragraph\">No&nbsp;<strong>m\u00eas dos afetos e tamb\u00e9m do dia dos namorados<\/strong>, \u00e9 importante falar de amor de forma mais consciente e realista. Amor n\u00e3o \u00e9 apenas sentimento, \u00e9 tamb\u00e9m constru\u00e7\u00e3o relacional.<\/p>\n\n\n\n<p class=\"wp-block-paragraph\"><strong>1. Rela\u00e7\u00f5es amorosas e familiares equilibradas<\/strong><br>Rela\u00e7\u00f5es equilibradas s\u00e3o aquelas onde existe respeito, seguran\u00e7a emocional e espa\u00e7o para a individualidade. Seja no casal ou na fam\u00edlia, o v\u00ednculo fortalece-se quando n\u00e3o h\u00e1 controlo, medo ou anula\u00e7\u00e3o de si pr\u00f3prio, mas sim coopera\u00e7\u00e3o, apoio e reconhecimento m\u00fatuo.<\/p>\n\n\n\n<p class=\"wp-block-paragraph\"><strong>2. Comunica\u00e7\u00e3o assertiva e empatia<\/strong><br>Comunicar de forma assertiva significa conseguir expressar pensamentos, emo\u00e7\u00f5es e necessidades com clareza e respeito, sem agressividade nem sil\u00eancio defensivo. A empatia complementa esse processo: escutar o outro com abertura, tentando compreender a sua experi\u00eancia emocional, mesmo quando \u00e9 diferente da nossa. Rela\u00e7\u00f5es saud\u00e1veis constroem-se no di\u00e1logo.<\/p>\n\n\n\n<p class=\"wp-block-paragraph\"><strong>3. Limites saud\u00e1veis e bem-estar emocional<\/strong><br>Estabelecer limites n\u00e3o \u00e9 afastar, \u00e9 cuidar. Limites saud\u00e1veis protegem o bem-estar emocional, previnem ressentimentos e tornam as rela\u00e7\u00f5es mais seguras e est\u00e1veis. Amar de forma saud\u00e1vel implica saber at\u00e9 onde posso ir sem me perder, e respeitar o espa\u00e7o emocional do outro.<\/p>\n\n\n\n<p class=\"wp-block-paragraph\">Que este m\u00eas seja tamb\u00e9m um convite a refletir sobre rela\u00e7\u00f5es que cuidam, regulam emo\u00e7\u00f5es e promovem crescimento.<\/p>\n\n\n\n<p class=\"wp-block-paragraph\">Marque j\u00e1 a sua consulta de&nbsp;<strong>Psicologia<\/strong>&nbsp;com a Dra. Catarina Castro.<\/p>\n\n\n\n<p class=\"wp-block-paragraph\">\u2003<\/p>\n","protected":false},"excerpt":{"rendered":"<p>No&nbsp;m\u00eas dos afetos e tamb\u00e9m do dia dos namorados, \u00e9 importante falar de amor de forma mais consciente e realista. Amor n\u00e3o \u00e9 apenas sentimento, \u00e9 tamb\u00e9m constru\u00e7\u00e3o relacional. 1. Rela\u00e7\u00f5es amorosas e familiares equilibradasRela\u00e7\u00f5es equilibradas s\u00e3o aquelas onde existe respeito, seguran\u00e7a emocional e espa\u00e7o para a individualidade. Seja no casal ou na fam\u00edlia, o [&hellip;]<\/p>\n","protected":false},"author":1,"featured_media":2613,"comment_status":"closed","ping_status":"closed","sticky":false,"template":"","format":"standard","meta":{"_acf_changed":false,"inline_featured_image":false,"footnotes":""},"categories":[113],"tags":[],"class_list":["post-2609","post","type-post","status-publish","format-standard","has-post-thumbnail","hentry","category-psicologia"],"acf":[],"yoast_head":"<!-- This site is optimized with the Yoast SEO plugin v27.8 - https:\/\/yoast.com\/product\/yoast-seo-wordpress\/ -->\n<title>Psicologia - reflex\u00e3o da Dra. Catarina Castro sobre rela\u00e7\u00f5es que cuidam, regulam emo\u00e7\u00f5es e promovem crescimento. - Cruz Verde<\/title>\n<meta name=\"robots\" content=\"index, follow, max-snippet:-1, max-image-preview:large, max-video-preview:-1\" \/>\n<link rel=\"canonical\" href=\"https:\/\/cruzverde.pt\/en\/psicologia-reflexao-da-dra-catarina-castro-sobre-relacoes-que-cuidam-regulam-emocoes-e-promovem-crescimento\/\" \/>\n<meta property=\"og:locale\" content=\"en_US\" \/>\n<meta property=\"og:type\" content=\"article\" \/>\n<meta property=\"og:title\" content=\"Psicologia - reflex\u00e3o da Dra. Catarina Castro sobre rela\u00e7\u00f5es que cuidam, regulam emo\u00e7\u00f5es e promovem crescimento. - Cruz Verde\" \/>\n<meta property=\"og:description\" content=\"No&nbsp;m\u00eas dos afetos e tamb\u00e9m do dia dos namorados, \u00e9 importante falar de amor de forma mais consciente e realista. Amor n\u00e3o \u00e9 apenas sentimento, \u00e9 tamb\u00e9m constru\u00e7\u00e3o relacional. 1. Rela\u00e7\u00f5es amorosas e familiares equilibradasRela\u00e7\u00f5es equilibradas s\u00e3o aquelas onde existe respeito, seguran\u00e7a emocional e espa\u00e7o para a individualidade. Seja no casal ou na fam\u00edlia, o [&hellip;]\" \/>\n<meta property=\"og:url\" content=\"https:\/\/cruzverde.pt\/en\/psicologia-reflexao-da-dra-catarina-castro-sobre-relacoes-que-cuidam-regulam-emocoes-e-promovem-crescimento\/\" \/>\n<meta property=\"og:site_name\" content=\"Cruz Verde\" \/>\n<meta property=\"article:published_time\" content=\"2026-02-02T15:25:00+00:00\" \/>\n<meta property=\"article:modified_time\" content=\"2026-06-19T14:27:14+00:00\" \/>\n<meta property=\"og:image\" content=\"https:\/\/cruzverde.pt\/wp-content\/uploads\/2026\/06\/Cuide-da-sua-saude-com-a-ajuda-da-nossa-app-1.jpg\" \/>\n\t<meta property=\"og:image:width\" content=\"1200\" \/>\n\t<meta property=\"og:image:height\" content=\"900\" \/>\n\t<meta property=\"og:image:type\" content=\"image\/jpeg\" \/>\n<meta name=\"author\" content=\"master\" \/>\n<meta name=\"twitter:card\" content=\"summary_large_image\" \/>\n<meta name=\"twitter:label1\" content=\"Written by\" \/>\n\t<meta name=\"twitter:data1\" content=\"master\" \/>\n\t<meta name=\"twitter:label2\" content=\"Est. reading time\" \/>\n\t<meta name=\"twitter:data2\" content=\"2 minutes\" \/>\n<script type=\"application\/ld+json\" class=\"yoast-schema-graph\">{\"@context\":\"https:\\\/\\\/schema.org\",\"@graph\":[{\"@type\":\"Article\",\"@id\":\"https:\\\/\\\/cruzverde.pt\\\/en\\\/psicologia-reflexao-da-dra-catarina-castro-sobre-relacoes-que-cuidam-regulam-emocoes-e-promovem-crescimento\\\/#article\",\"isPartOf\":{\"@id\":\"https:\\\/\\\/cruzverde.pt\\\/en\\\/psicologia-reflexao-da-dra-catarina-castro-sobre-relacoes-que-cuidam-regulam-emocoes-e-promovem-crescimento\\\/\"},\"author\":{\"name\":\"master\",\"@id\":\"https:\\\/\\\/cruzverde.pt\\\/en\\\/#\\\/schema\\\/person\\\/8d69cb30614c6954586bc1face84c15d\"},\"headline\":\"Psicologia &#8211; reflex\u00e3o da Dra. Catarina Castro sobre rela\u00e7\u00f5es que cuidam, regulam emo\u00e7\u00f5es e promovem crescimento.\",\"datePublished\":\"2026-02-02T15:25:00+00:00\",\"dateModified\":\"2026-06-19T14:27:14+00:00\",\"mainEntityOfPage\":{\"@id\":\"https:\\\/\\\/cruzverde.pt\\\/en\\\/psicologia-reflexao-da-dra-catarina-castro-sobre-relacoes-que-cuidam-regulam-emocoes-e-promovem-crescimento\\\/\"},\"wordCount\":255,\"publisher\":{\"@id\":\"https:\\\/\\\/cruzverde.pt\\\/en\\\/#organization\"},\"image\":{\"@id\":\"https:\\\/\\\/cruzverde.pt\\\/en\\\/psicologia-reflexao-da-dra-catarina-castro-sobre-relacoes-que-cuidam-regulam-emocoes-e-promovem-crescimento\\\/#primaryimage\"},\"thumbnailUrl\":\"https:\\\/\\\/cruzverde.pt\\\/wp-content\\\/uploads\\\/2026\\\/06\\\/Cuide-da-sua-saude-com-a-ajuda-da-nossa-app-1.jpg\",\"articleSection\":[\"Psicologia\"],\"inLanguage\":\"en-US\"},{\"@type\":\"WebPage\",\"@id\":\"https:\\\/\\\/cruzverde.pt\\\/en\\\/psicologia-reflexao-da-dra-catarina-castro-sobre-relacoes-que-cuidam-regulam-emocoes-e-promovem-crescimento\\\/\",\"url\":\"https:\\\/\\\/cruzverde.pt\\\/en\\\/psicologia-reflexao-da-dra-catarina-castro-sobre-relacoes-que-cuidam-regulam-emocoes-e-promovem-crescimento\\\/\",\"name\":\"Psicologia - reflex\u00e3o da Dra. Catarina Castro sobre rela\u00e7\u00f5es que cuidam, regulam emo\u00e7\u00f5es e promovem crescimento. - Cruz Verde\",\"isPartOf\":{\"@id\":\"https:\\\/\\\/cruzverde.pt\\\/en\\\/#website\"},\"primaryImageOfPage\":{\"@id\":\"https:\\\/\\\/cruzverde.pt\\\/en\\\/psicologia-reflexao-da-dra-catarina-castro-sobre-relacoes-que-cuidam-regulam-emocoes-e-promovem-crescimento\\\/#primaryimage\"},\"image\":{\"@id\":\"https:\\\/\\\/cruzverde.pt\\\/en\\\/psicologia-reflexao-da-dra-catarina-castro-sobre-relacoes-que-cuidam-regulam-emocoes-e-promovem-crescimento\\\/#primaryimage\"},\"thumbnailUrl\":\"https:\\\/\\\/cruzverde.pt\\\/wp-content\\\/uploads\\\/2026\\\/06\\\/Cuide-da-sua-saude-com-a-ajuda-da-nossa-app-1.jpg\",\"datePublished\":\"2026-02-02T15:25:00+00:00\",\"dateModified\":\"2026-06-19T14:27:14+00:00\",\"breadcrumb\":{\"@id\":\"https:\\\/\\\/cruzverde.pt\\\/en\\\/psicologia-reflexao-da-dra-catarina-castro-sobre-relacoes-que-cuidam-regulam-emocoes-e-promovem-crescimento\\\/#breadcrumb\"},\"inLanguage\":\"en-US\",\"potentialAction\":[{\"@type\":\"ReadAction\",\"target\":[\"https:\\\/\\\/cruzverde.pt\\\/en\\\/psicologia-reflexao-da-dra-catarina-castro-sobre-relacoes-que-cuidam-regulam-emocoes-e-promovem-crescimento\\\/\"]}]},{\"@type\":\"ImageObject\",\"inLanguage\":\"en-US\",\"@id\":\"https:\\\/\\\/cruzverde.pt\\\/en\\\/psicologia-reflexao-da-dra-catarina-castro-sobre-relacoes-que-cuidam-regulam-emocoes-e-promovem-crescimento\\\/#primaryimage\",\"url\":\"https:\\\/\\\/cruzverde.pt\\\/wp-content\\\/uploads\\\/2026\\\/06\\\/Cuide-da-sua-saude-com-a-ajuda-da-nossa-app-1.jpg\",\"contentUrl\":\"https:\\\/\\\/cruzverde.pt\\\/wp-content\\\/uploads\\\/2026\\\/06\\\/Cuide-da-sua-saude-com-a-ajuda-da-nossa-app-1.jpg\",\"width\":1200,\"height\":900,\"caption\":\"psicologia Cruz Verde Dra. Catarina Castro\"},{\"@type\":\"BreadcrumbList\",\"@id\":\"https:\\\/\\\/cruzverde.pt\\\/en\\\/psicologia-reflexao-da-dra-catarina-castro-sobre-relacoes-que-cuidam-regulam-emocoes-e-promovem-crescimento\\\/#breadcrumb\",\"itemListElement\":[{\"@type\":\"ListItem\",\"position\":1,\"name\":\"Home\",\"item\":\"https:\\\/\\\/cruzverde.pt\\\/en\\\/\"},{\"@type\":\"ListItem\",\"position\":2,\"name\":\"Psicologia &#8211; reflex\u00e3o da Dra. Catarina Castro sobre rela\u00e7\u00f5es que cuidam, regulam emo\u00e7\u00f5es e promovem crescimento.\"}]},{\"@type\":\"WebSite\",\"@id\":\"https:\\\/\\\/cruzverde.pt\\\/en\\\/#website\",\"url\":\"https:\\\/\\\/cruzverde.pt\\\/en\\\/\",\"name\":\"Cruz Verde\",\"description\":\"My WordPress Blog\",\"publisher\":{\"@id\":\"https:\\\/\\\/cruzverde.pt\\\/en\\\/#organization\"},\"potentialAction\":[{\"@type\":\"SearchAction\",\"target\":{\"@type\":\"EntryPoint\",\"urlTemplate\":\"https:\\\/\\\/cruzverde.pt\\\/en\\\/?s={search_term_string}\"},\"query-input\":{\"@type\":\"PropertyValueSpecification\",\"valueRequired\":true,\"valueName\":\"search_term_string\"}}],\"inLanguage\":\"en-US\"},{\"@type\":\"Organization\",\"@id\":\"https:\\\/\\\/cruzverde.pt\\\/en\\\/#organization\",\"name\":\"Cruz Verde\",\"url\":\"https:\\\/\\\/cruzverde.pt\\\/en\\\/\",\"logo\":{\"@type\":\"ImageObject\",\"inLanguage\":\"en-US\",\"@id\":\"https:\\\/\\\/cruzverde.pt\\\/en\\\/#\\\/schema\\\/logo\\\/image\\\/\",\"url\":\"https:\\\/\\\/cruzverde.pt\\\/wp-content\\\/uploads\\\/2026\\\/05\\\/CV-com-frase-Horizontal-logotipo_big-Converted.png\",\"contentUrl\":\"https:\\\/\\\/cruzverde.pt\\\/wp-content\\\/uploads\\\/2026\\\/05\\\/CV-com-frase-Horizontal-logotipo_big-Converted.png\",\"width\":1701,\"height\":392,\"caption\":\"Cruz Verde\"},\"image\":{\"@id\":\"https:\\\/\\\/cruzverde.pt\\\/en\\\/#\\\/schema\\\/logo\\\/image\\\/\"}},{\"@type\":\"Person\",\"@id\":\"https:\\\/\\\/cruzverde.pt\\\/en\\\/#\\\/schema\\\/person\\\/8d69cb30614c6954586bc1face84c15d\",\"name\":\"master\",\"image\":{\"@type\":\"ImageObject\",\"inLanguage\":\"en-US\",\"@id\":\"https:\\\/\\\/secure.gravatar.com\\\/avatar\\\/7bb03eb4f12f9181edab20be17f0576353a096fec16b60ef6c49c5f7ad1208cc?s=96&d=mm&r=g\",\"url\":\"https:\\\/\\\/secure.gravatar.com\\\/avatar\\\/7bb03eb4f12f9181edab20be17f0576353a096fec16b60ef6c49c5f7ad1208cc?s=96&d=mm&r=g\",\"contentUrl\":\"https:\\\/\\\/secure.gravatar.com\\\/avatar\\\/7bb03eb4f12f9181edab20be17f0576353a096fec16b60ef6c49c5f7ad1208cc?s=96&d=mm&r=g\",\"caption\":\"master\"},\"sameAs\":[\"https:\\\/\\\/cruzverde.pt\"],\"url\":\"https:\\\/\\\/cruzverde.pt\\\/en\\\/author\\\/master\\\/\"}]}<\/script>\n<!-- \/ Yoast SEO plugin. -->","yoast_head_json":{"title":"Psicologia - reflex\u00e3o da Dra. Catarina Castro sobre rela\u00e7\u00f5es que cuidam, regulam emo\u00e7\u00f5es e promovem crescimento. - Cruz Verde","robots":{"index":"index","follow":"follow","max-snippet":"max-snippet:-1","max-image-preview":"max-image-preview:large","max-video-preview":"max-video-preview:-1"},"canonical":"https:\/\/cruzverde.pt\/en\/psicologia-reflexao-da-dra-catarina-castro-sobre-relacoes-que-cuidam-regulam-emocoes-e-promovem-crescimento\/","og_locale":"en_US","og_type":"article","og_title":"Psicologia - reflex\u00e3o da Dra. Catarina Castro sobre rela\u00e7\u00f5es que cuidam, regulam emo\u00e7\u00f5es e promovem crescimento. - Cruz Verde","og_description":"No&nbsp;m\u00eas dos afetos e tamb\u00e9m do dia dos namorados, \u00e9 importante falar de amor de forma mais consciente e realista. Amor n\u00e3o \u00e9 apenas sentimento, \u00e9 tamb\u00e9m constru\u00e7\u00e3o relacional. 1. Rela\u00e7\u00f5es amorosas e familiares equilibradasRela\u00e7\u00f5es equilibradas s\u00e3o aquelas onde existe respeito, seguran\u00e7a emocional e espa\u00e7o para a individualidade. Seja no casal ou na fam\u00edlia, o [&hellip;]","og_url":"https:\/\/cruzverde.pt\/en\/psicologia-reflexao-da-dra-catarina-castro-sobre-relacoes-que-cuidam-regulam-emocoes-e-promovem-crescimento\/","og_site_name":"Cruz Verde","article_published_time":"2026-02-02T15:25:00+00:00","article_modified_time":"2026-06-19T14:27:14+00:00","og_image":[{"width":1200,"height":900,"url":"https:\/\/cruzverde.pt\/wp-content\/uploads\/2026\/06\/Cuide-da-sua-saude-com-a-ajuda-da-nossa-app-1.jpg","type":"image\/jpeg"}],"author":"master","twitter_card":"summary_large_image","twitter_misc":{"Written by":"master","Est. reading time":"2 minutes"},"schema":{"@context":"https:\/\/schema.org","@graph":[{"@type":"Article","@id":"https:\/\/cruzverde.pt\/en\/psicologia-reflexao-da-dra-catarina-castro-sobre-relacoes-que-cuidam-regulam-emocoes-e-promovem-crescimento\/#article","isPartOf":{"@id":"https:\/\/cruzverde.pt\/en\/psicologia-reflexao-da-dra-catarina-castro-sobre-relacoes-que-cuidam-regulam-emocoes-e-promovem-crescimento\/"},"author":{"name":"master","@id":"https:\/\/cruzverde.pt\/en\/#\/schema\/person\/8d69cb30614c6954586bc1face84c15d"},"headline":"Psicologia &#8211; reflex\u00e3o da Dra. Catarina Castro sobre rela\u00e7\u00f5es que cuidam, regulam emo\u00e7\u00f5es e promovem crescimento.","datePublished":"2026-02-02T15:25:00+00:00","dateModified":"2026-06-19T14:27:14+00:00","mainEntityOfPage":{"@id":"https:\/\/cruzverde.pt\/en\/psicologia-reflexao-da-dra-catarina-castro-sobre-relacoes-que-cuidam-regulam-emocoes-e-promovem-crescimento\/"},"wordCount":255,"publisher":{"@id":"https:\/\/cruzverde.pt\/en\/#organization"},"image":{"@id":"https:\/\/cruzverde.pt\/en\/psicologia-reflexao-da-dra-catarina-castro-sobre-relacoes-que-cuidam-regulam-emocoes-e-promovem-crescimento\/#primaryimage"},"thumbnailUrl":"https:\/\/cruzverde.pt\/wp-content\/uploads\/2026\/06\/Cuide-da-sua-saude-com-a-ajuda-da-nossa-app-1.jpg","articleSection":["Psicologia"],"inLanguage":"en-US"},{"@type":"WebPage","@id":"https:\/\/cruzverde.pt\/en\/psicologia-reflexao-da-dra-catarina-castro-sobre-relacoes-que-cuidam-regulam-emocoes-e-promovem-crescimento\/","url":"https:\/\/cruzverde.pt\/en\/psicologia-reflexao-da-dra-catarina-castro-sobre-relacoes-que-cuidam-regulam-emocoes-e-promovem-crescimento\/","name":"Psicologia - reflex\u00e3o da Dra. Catarina Castro sobre rela\u00e7\u00f5es que cuidam, regulam emo\u00e7\u00f5es e promovem crescimento. - Cruz Verde","isPartOf":{"@id":"https:\/\/cruzverde.pt\/en\/#website"},"primaryImageOfPage":{"@id":"https:\/\/cruzverde.pt\/en\/psicologia-reflexao-da-dra-catarina-castro-sobre-relacoes-que-cuidam-regulam-emocoes-e-promovem-crescimento\/#primaryimage"},"image":{"@id":"https:\/\/cruzverde.pt\/en\/psicologia-reflexao-da-dra-catarina-castro-sobre-relacoes-que-cuidam-regulam-emocoes-e-promovem-crescimento\/#primaryimage"},"thumbnailUrl":"https:\/\/cruzverde.pt\/wp-content\/uploads\/2026\/06\/Cuide-da-sua-saude-com-a-ajuda-da-nossa-app-1.jpg","datePublished":"2026-02-02T15:25:00+00:00","dateModified":"2026-06-19T14:27:14+00:00","breadcrumb":{"@id":"https:\/\/cruzverde.pt\/en\/psicologia-reflexao-da-dra-catarina-castro-sobre-relacoes-que-cuidam-regulam-emocoes-e-promovem-crescimento\/#breadcrumb"},"inLanguage":"en-US","potentialAction":[{"@type":"ReadAction","target":["https:\/\/cruzverde.pt\/en\/psicologia-reflexao-da-dra-catarina-castro-sobre-relacoes-que-cuidam-regulam-emocoes-e-promovem-crescimento\/"]}]},{"@type":"ImageObject","inLanguage":"en-US","@id":"https:\/\/cruzverde.pt\/en\/psicologia-reflexao-da-dra-catarina-castro-sobre-relacoes-que-cuidam-regulam-emocoes-e-promovem-crescimento\/#primaryimage","url":"https:\/\/cruzverde.pt\/wp-content\/uploads\/2026\/06\/Cuide-da-sua-saude-com-a-ajuda-da-nossa-app-1.jpg","contentUrl":"https:\/\/cruzverde.pt\/wp-content\/uploads\/2026\/06\/Cuide-da-sua-saude-com-a-ajuda-da-nossa-app-1.jpg","width":1200,"height":900,"caption":"psicologia Cruz Verde Dra. Catarina Castro"},{"@type":"BreadcrumbList","@id":"https:\/\/cruzverde.pt\/en\/psicologia-reflexao-da-dra-catarina-castro-sobre-relacoes-que-cuidam-regulam-emocoes-e-promovem-crescimento\/#breadcrumb","itemListElement":[{"@type":"ListItem","position":1,"name":"Home","item":"https:\/\/cruzverde.pt\/en\/"},{"@type":"ListItem","position":2,"name":"Psicologia &#8211; reflex\u00e3o da Dra. Catarina Castro sobre rela\u00e7\u00f5es que cuidam, regulam emo\u00e7\u00f5es e promovem crescimento."}]},{"@type":"WebSite","@id":"https:\/\/cruzverde.pt\/en\/#website","url":"https:\/\/cruzverde.pt\/en\/","name":"Cruz Verde","description":"My WordPress Blog","publisher":{"@id":"https:\/\/cruzverde.pt\/en\/#organization"},"potentialAction":[{"@type":"SearchAction","target":{"@type":"EntryPoint","urlTemplate":"https:\/\/cruzverde.pt\/en\/?s={search_term_string}"},"query-input":{"@type":"PropertyValueSpecification","valueRequired":true,"valueName":"search_term_string"}}],"inLanguage":"en-US"},{"@type":"Organization","@id":"https:\/\/cruzverde.pt\/en\/#organization","name":"Cruz Verde","url":"https:\/\/cruzverde.pt\/en\/","logo":{"@type":"ImageObject","inLanguage":"en-US","@id":"https:\/\/cruzverde.pt\/en\/#\/schema\/logo\/image\/","url":"https:\/\/cruzverde.pt\/wp-content\/uploads\/2026\/05\/CV-com-frase-Horizontal-logotipo_big-Converted.png","contentUrl":"https:\/\/cruzverde.pt\/wp-content\/uploads\/2026\/05\/CV-com-frase-Horizontal-logotipo_big-Converted.png","width":1701,"height":392,"caption":"Cruz Verde"},"image":{"@id":"https:\/\/cruzverde.pt\/en\/#\/schema\/logo\/image\/"}},{"@type":"Person","@id":"https:\/\/cruzverde.pt\/en\/#\/schema\/person\/8d69cb30614c6954586bc1face84c15d","name":"master","image":{"@type":"ImageObject","inLanguage":"en-US","@id":"https:\/\/secure.gravatar.com\/avatar\/7bb03eb4f12f9181edab20be17f0576353a096fec16b60ef6c49c5f7ad1208cc?s=96&d=mm&r=g","url":"https:\/\/secure.gravatar.com\/avatar\/7bb03eb4f12f9181edab20be17f0576353a096fec16b60ef6c49c5f7ad1208cc?s=96&d=mm&r=g","contentUrl":"https:\/\/secure.gravatar.com\/avatar\/7bb03eb4f12f9181edab20be17f0576353a096fec16b60ef6c49c5f7ad1208cc?s=96&d=mm&r=g","caption":"master"},"sameAs":["https:\/\/cruzverde.pt"],"url":"https:\/\/cruzverde.pt\/en\/author\/master\/"}]}},"_links":{"self":[{"href":"https:\/\/cruzverde.pt\/en\/wp-json\/wp\/v2\/posts\/2609","targetHints":{"allow":["GET"]}}],"collection":[{"href":"https:\/\/cruzverde.pt\/en\/wp-json\/wp\/v2\/posts"}],"about":[{"href":"https:\/\/cruzverde.pt\/en\/wp-json\/wp\/v2\/types\/post"}],"author":[{"embeddable":true,"href":"https:\/\/cruzverde.pt\/en\/wp-json\/wp\/v2\/users\/1"}],"replies":[{"embeddable":true,"href":"https:\/\/cruzverde.pt\/en\/wp-json\/wp\/v2\/comments?post=2609"}],"version-history":[{"count":1,"href":"https:\/\/cruzverde.pt\/en\/wp-json\/wp\/v2\/posts\/2609\/revisions"}],"predecessor-version":[{"id":2617,"href":"https:\/\/cruzverde.pt\/en\/wp-json\/wp\/v2\/posts\/2609\/revisions\/2617"}],"wp:featuredmedia":[{"embeddable":true,"href":"https:\/\/cruzverde.pt\/en\/wp-json\/wp\/v2\/media\/2613"}],"wp:attachment":[{"href":"https:\/\/cruzverde.pt\/en\/wp-json\/wp\/v2\/media?parent=2609"}],"wp:term":[{"taxonomy":"category","embeddable":true,"href":"https:\/\/cruzverde.pt\/en\/wp-json\/wp\/v2\/categories?post=2609"},{"taxonomy":"post_tag","embeddable":true,"href":"https:\/\/cruzverde.pt\/en\/wp-json\/wp\/v2\/tags?post=2609"}],"curies":[{"name":"wp","href":"https:\/\/api.w.org\/{rel}","templated":true}]}}