{"id":3610,"date":"2026-08-14T15:34:13","date_gmt":"2026-08-14T14:34:13","guid":{"rendered":"https:\/\/cruzverde.pt\/?p=3610"},"modified":"2026-08-14T15:35:22","modified_gmt":"2026-08-14T14:35:22","slug":"psicologia-reflexao-da-dra-catarina-castro-sobre-a-importancia-de-abrandar","status":"publish","type":"post","link":"https:\/\/cruzverde.pt\/en\/psicologia-reflexao-da-dra-catarina-castro-sobre-a-importancia-de-abrandar\/","title":{"rendered":"PSICOLOGIA &#8211; reflex\u00e3o da Dra. Catarina Castro sobre a import\u00e2ncia de abrandar"},"content":{"rendered":"\n<p class=\"wp-block-paragraph\">Vivemos num ritmo acelerado, onde parar parece quase proibido. H\u00e1 sempre mais uma tarefa, mais uma resposta, mais uma exig\u00eancia, mais um \u201ctenho de\u201d\u2026 Com o tempo, este ritmo constante pode levar a um estado de exaust\u00e3o emocional e mental que nem sempre \u00e9 imediatamente reconhecido.<\/p>\n\n\n\n<p class=\"wp-block-paragraph\"><br>Abrandar n\u00e3o \u00e9 desistir. Abrandar n\u00e3o \u00e9 pregui\u00e7a. Abrandar n\u00e3o \u00e9 falhar. Abrandar \u00e9 regular o sistema nervoso. \u00c9 permitir que o corpo e a mente saiam do estado de alerta constante.<\/p>\n\n\n\n<p class=\"wp-block-paragraph\"><br>Quando n\u00e3o abrandamos, o corpo sente:<\/p>\n\n\n\n<ul class=\"wp-block-list\">\n<li>Maior irritabilidade;<\/li>\n\n\n\n<li>Dificuldade de concentra\u00e7\u00e3o;<\/li>\n\n\n\n<li>Fadiga persistente;<\/li>\n\n\n\n<li>Ansiedade aumentada;<\/li>\n\n\n\n<li>Sensa\u00e7\u00e3o de \u201cestar sempre em esfor\u00e7o\u201d.<\/li>\n<\/ul>\n\n\n\n<p class=\"wp-block-paragraph\"><\/p>\n\n\n\n<p class=\"wp-block-paragraph\">A mente tamb\u00e9m precisa de pausas. \u00c9 no sil\u00eancio, no descanso e na desacelera\u00e7\u00e3o que conseguimos reorganizar pensamentos, emo\u00e7\u00f5es e prioridades.<\/p>\n\n\n\n<p class=\"wp-block-paragraph\"><br>Abrandar pode ser:<\/p>\n\n\n\n<ul class=\"wp-block-list\">\n<li>Parar sem culpa;<\/li>\n\n\n\n<li>Dizer \u201cn\u00e3o\u201d quando \u00e9 necess\u00e1rio;<\/li>\n\n\n\n<li>Reduzir est\u00edmulos;<\/li>\n\n\n\n<li>Dormir melhor;<\/li>\n\n\n\n<li>Voltar a atividades que d\u00e3o prazer;<\/li>\n\n\n\n<li>Permitir momentos sem produtividade.<\/li>\n<\/ul>\n\n\n\n<p class=\"wp-block-paragraph\"><\/p>\n\n\n\n<p class=\"wp-block-paragraph\">N\u00e3o somos feitos para estar sempre em alta performance. A sa\u00fade mental tamb\u00e9m se constr\u00f3i no espa\u00e7o entre o fazer e o simplesmente ser. Neste ritmo de vida, abrandar pode ser um ato de coragem e tamb\u00e9m de cuidado. \u00c0s vezes, parar \u00e9 exatamente o que nos permite continuar.<\/p>\n","protected":false},"excerpt":{"rendered":"<p>Vivemos num ritmo acelerado, onde parar parece quase proibido. H\u00e1 sempre mais uma tarefa, mais uma resposta, mais uma exig\u00eancia, mais um \u201ctenho de\u201d\u2026 Com o tempo, este ritmo constante pode levar a um estado de exaust\u00e3o emocional e mental que nem sempre \u00e9 imediatamente reconhecido. Abrandar n\u00e3o \u00e9 desistir. Abrandar n\u00e3o \u00e9 pregui\u00e7a. Abrandar [&hellip;]<\/p>\n","protected":false},"author":1,"featured_media":3611,"comment_status":"closed","ping_status":"closed","sticky":false,"template":"","format":"standard","meta":{"_acf_changed":false,"inline_featured_image":false,"footnotes":""},"categories":[82],"tags":[],"class_list":["post-3610","post","type-post","status-publish","format-standard","has-post-thumbnail","hentry","category-nutricao"],"acf":[],"yoast_head":"<!-- This site is optimized with the Yoast SEO plugin v27.8 - https:\/\/yoast.com\/product\/yoast-seo-wordpress\/ -->\n<title>PSICOLOGIA - reflex\u00e3o da Dra. Catarina Castro sobre a import\u00e2ncia de abrandar - Cruz Verde<\/title>\n<meta name=\"robots\" content=\"index, follow, max-snippet:-1, max-image-preview:large, max-video-preview:-1\" \/>\n<link rel=\"canonical\" href=\"https:\/\/cruzverde.pt\/en\/psicologia-reflexao-da-dra-catarina-castro-sobre-a-importancia-de-abrandar\/\" \/>\n<meta property=\"og:locale\" content=\"en_US\" \/>\n<meta property=\"og:type\" content=\"article\" \/>\n<meta property=\"og:title\" content=\"PSICOLOGIA - reflex\u00e3o da Dra. Catarina Castro sobre a import\u00e2ncia de abrandar - Cruz Verde\" \/>\n<meta property=\"og:description\" content=\"Vivemos num ritmo acelerado, onde parar parece quase proibido. H\u00e1 sempre mais uma tarefa, mais uma resposta, mais uma exig\u00eancia, mais um \u201ctenho de\u201d\u2026 Com o tempo, este ritmo constante pode levar a um estado de exaust\u00e3o emocional e mental que nem sempre \u00e9 imediatamente reconhecido. Abrandar n\u00e3o \u00e9 desistir. Abrandar n\u00e3o \u00e9 pregui\u00e7a. Abrandar [&hellip;]\" \/>\n<meta property=\"og:url\" content=\"https:\/\/cruzverde.pt\/en\/psicologia-reflexao-da-dra-catarina-castro-sobre-a-importancia-de-abrandar\/\" \/>\n<meta property=\"og:site_name\" content=\"Cruz Verde\" \/>\n<meta property=\"article:published_time\" content=\"2026-08-14T14:34:13+00:00\" \/>\n<meta property=\"article:modified_time\" content=\"2026-08-14T14:35:22+00:00\" \/>\n<meta property=\"og:image\" content=\"https:\/\/cruzverde.pt\/wp-content\/uploads\/2026\/08\/psicologia-a-importancia-de-abrandar.jpg\" \/>\n\t<meta property=\"og:image:width\" content=\"1200\" \/>\n\t<meta property=\"og:image:height\" content=\"900\" \/>\n\t<meta property=\"og:image:type\" content=\"image\/jpeg\" \/>\n<meta name=\"author\" content=\"master\" \/>\n<meta name=\"twitter:card\" content=\"summary_large_image\" \/>\n<meta name=\"twitter:label1\" content=\"Written by\" \/>\n\t<meta name=\"twitter:data1\" content=\"master\" \/>\n\t<meta name=\"twitter:label2\" content=\"Est. reading time\" \/>\n\t<meta name=\"twitter:data2\" content=\"2 minutes\" \/>\n<script type=\"application\/ld+json\" class=\"yoast-schema-graph\">{\"@context\":\"https:\\\/\\\/schema.org\",\"@graph\":[{\"@type\":\"Article\",\"@id\":\"https:\\\/\\\/cruzverde.pt\\\/en\\\/psicologia-reflexao-da-dra-catarina-castro-sobre-a-importancia-de-abrandar\\\/#article\",\"isPartOf\":{\"@id\":\"https:\\\/\\\/cruzverde.pt\\\/en\\\/psicologia-reflexao-da-dra-catarina-castro-sobre-a-importancia-de-abrandar\\\/\"},\"author\":{\"name\":\"master\",\"@id\":\"https:\\\/\\\/cruzverde.pt\\\/en\\\/#\\\/schema\\\/person\\\/8d69cb30614c6954586bc1face84c15d\"},\"headline\":\"PSICOLOGIA &#8211; reflex\u00e3o da Dra. Catarina Castro sobre a import\u00e2ncia de abrandar\",\"datePublished\":\"2026-08-14T14:34:13+00:00\",\"dateModified\":\"2026-08-14T14:35:22+00:00\",\"mainEntityOfPage\":{\"@id\":\"https:\\\/\\\/cruzverde.pt\\\/en\\\/psicologia-reflexao-da-dra-catarina-castro-sobre-a-importancia-de-abrandar\\\/\"},\"wordCount\":223,\"publisher\":{\"@id\":\"https:\\\/\\\/cruzverde.pt\\\/en\\\/#organization\"},\"image\":{\"@id\":\"https:\\\/\\\/cruzverde.pt\\\/en\\\/psicologia-reflexao-da-dra-catarina-castro-sobre-a-importancia-de-abrandar\\\/#primaryimage\"},\"thumbnailUrl\":\"https:\\\/\\\/cruzverde.pt\\\/wp-content\\\/uploads\\\/2026\\\/08\\\/psicologia-a-importancia-de-abrandar.jpg\",\"articleSection\":[\"Nutri\u00e7\u00e3o\"],\"inLanguage\":\"en-US\"},{\"@type\":\"WebPage\",\"@id\":\"https:\\\/\\\/cruzverde.pt\\\/en\\\/psicologia-reflexao-da-dra-catarina-castro-sobre-a-importancia-de-abrandar\\\/\",\"url\":\"https:\\\/\\\/cruzverde.pt\\\/en\\\/psicologia-reflexao-da-dra-catarina-castro-sobre-a-importancia-de-abrandar\\\/\",\"name\":\"PSICOLOGIA - reflex\u00e3o da Dra. Catarina Castro sobre a import\u00e2ncia de abrandar - Cruz Verde\",\"isPartOf\":{\"@id\":\"https:\\\/\\\/cruzverde.pt\\\/en\\\/#website\"},\"primaryImageOfPage\":{\"@id\":\"https:\\\/\\\/cruzverde.pt\\\/en\\\/psicologia-reflexao-da-dra-catarina-castro-sobre-a-importancia-de-abrandar\\\/#primaryimage\"},\"image\":{\"@id\":\"https:\\\/\\\/cruzverde.pt\\\/en\\\/psicologia-reflexao-da-dra-catarina-castro-sobre-a-importancia-de-abrandar\\\/#primaryimage\"},\"thumbnailUrl\":\"https:\\\/\\\/cruzverde.pt\\\/wp-content\\\/uploads\\\/2026\\\/08\\\/psicologia-a-importancia-de-abrandar.jpg\",\"datePublished\":\"2026-08-14T14:34:13+00:00\",\"dateModified\":\"2026-08-14T14:35:22+00:00\",\"breadcrumb\":{\"@id\":\"https:\\\/\\\/cruzverde.pt\\\/en\\\/psicologia-reflexao-da-dra-catarina-castro-sobre-a-importancia-de-abrandar\\\/#breadcrumb\"},\"inLanguage\":\"en-US\",\"potentialAction\":[{\"@type\":\"ReadAction\",\"target\":[\"https:\\\/\\\/cruzverde.pt\\\/en\\\/psicologia-reflexao-da-dra-catarina-castro-sobre-a-importancia-de-abrandar\\\/\"]}]},{\"@type\":\"ImageObject\",\"inLanguage\":\"en-US\",\"@id\":\"https:\\\/\\\/cruzverde.pt\\\/en\\\/psicologia-reflexao-da-dra-catarina-castro-sobre-a-importancia-de-abrandar\\\/#primaryimage\",\"url\":\"https:\\\/\\\/cruzverde.pt\\\/wp-content\\\/uploads\\\/2026\\\/08\\\/psicologia-a-importancia-de-abrandar.jpg\",\"contentUrl\":\"https:\\\/\\\/cruzverde.pt\\\/wp-content\\\/uploads\\\/2026\\\/08\\\/psicologia-a-importancia-de-abrandar.jpg\",\"width\":1200,\"height\":900,\"caption\":\"Dra. Catarina Castro - A import\u00e2ncia de abrandar - Psicologia na Cruz Verde\"},{\"@type\":\"BreadcrumbList\",\"@id\":\"https:\\\/\\\/cruzverde.pt\\\/en\\\/psicologia-reflexao-da-dra-catarina-castro-sobre-a-importancia-de-abrandar\\\/#breadcrumb\",\"itemListElement\":[{\"@type\":\"ListItem\",\"position\":1,\"name\":\"Home\",\"item\":\"https:\\\/\\\/cruzverde.pt\\\/en\\\/\"},{\"@type\":\"ListItem\",\"position\":2,\"name\":\"PSICOLOGIA &#8211; reflex\u00e3o da Dra. Catarina Castro sobre a import\u00e2ncia de abrandar\"}]},{\"@type\":\"WebSite\",\"@id\":\"https:\\\/\\\/cruzverde.pt\\\/en\\\/#website\",\"url\":\"https:\\\/\\\/cruzverde.pt\\\/en\\\/\",\"name\":\"Cruz Verde\",\"description\":\"My WordPress Blog\",\"publisher\":{\"@id\":\"https:\\\/\\\/cruzverde.pt\\\/en\\\/#organization\"},\"potentialAction\":[{\"@type\":\"SearchAction\",\"target\":{\"@type\":\"EntryPoint\",\"urlTemplate\":\"https:\\\/\\\/cruzverde.pt\\\/en\\\/?s={search_term_string}\"},\"query-input\":{\"@type\":\"PropertyValueSpecification\",\"valueRequired\":true,\"valueName\":\"search_term_string\"}}],\"inLanguage\":\"en-US\"},{\"@type\":\"Organization\",\"@id\":\"https:\\\/\\\/cruzverde.pt\\\/en\\\/#organization\",\"name\":\"Cruz Verde\",\"url\":\"https:\\\/\\\/cruzverde.pt\\\/en\\\/\",\"logo\":{\"@type\":\"ImageObject\",\"inLanguage\":\"en-US\",\"@id\":\"https:\\\/\\\/cruzverde.pt\\\/en\\\/#\\\/schema\\\/logo\\\/image\\\/\",\"url\":\"https:\\\/\\\/cruzverde.pt\\\/wp-content\\\/uploads\\\/2026\\\/05\\\/CV-com-frase-Horizontal-logotipo_big-Converted.png\",\"contentUrl\":\"https:\\\/\\\/cruzverde.pt\\\/wp-content\\\/uploads\\\/2026\\\/05\\\/CV-com-frase-Horizontal-logotipo_big-Converted.png\",\"width\":1701,\"height\":392,\"caption\":\"Cruz Verde\"},\"image\":{\"@id\":\"https:\\\/\\\/cruzverde.pt\\\/en\\\/#\\\/schema\\\/logo\\\/image\\\/\"}},{\"@type\":\"Person\",\"@id\":\"https:\\\/\\\/cruzverde.pt\\\/en\\\/#\\\/schema\\\/person\\\/8d69cb30614c6954586bc1face84c15d\",\"name\":\"master\",\"image\":{\"@type\":\"ImageObject\",\"inLanguage\":\"en-US\",\"@id\":\"https:\\\/\\\/secure.gravatar.com\\\/avatar\\\/7bb03eb4f12f9181edab20be17f0576353a096fec16b60ef6c49c5f7ad1208cc?s=96&d=mm&r=g\",\"url\":\"https:\\\/\\\/secure.gravatar.com\\\/avatar\\\/7bb03eb4f12f9181edab20be17f0576353a096fec16b60ef6c49c5f7ad1208cc?s=96&d=mm&r=g\",\"contentUrl\":\"https:\\\/\\\/secure.gravatar.com\\\/avatar\\\/7bb03eb4f12f9181edab20be17f0576353a096fec16b60ef6c49c5f7ad1208cc?s=96&d=mm&r=g\",\"caption\":\"master\"},\"sameAs\":[\"https:\\\/\\\/cruzverde.pt\"],\"url\":\"https:\\\/\\\/cruzverde.pt\\\/en\\\/author\\\/master\\\/\"}]}<\/script>\n<!-- \/ Yoast SEO plugin. -->","yoast_head_json":{"title":"PSICOLOGIA - reflex\u00e3o da Dra. Catarina Castro sobre a import\u00e2ncia de abrandar - Cruz Verde","robots":{"index":"index","follow":"follow","max-snippet":"max-snippet:-1","max-image-preview":"max-image-preview:large","max-video-preview":"max-video-preview:-1"},"canonical":"https:\/\/cruzverde.pt\/en\/psicologia-reflexao-da-dra-catarina-castro-sobre-a-importancia-de-abrandar\/","og_locale":"en_US","og_type":"article","og_title":"PSICOLOGIA - reflex\u00e3o da Dra. Catarina Castro sobre a import\u00e2ncia de abrandar - Cruz Verde","og_description":"Vivemos num ritmo acelerado, onde parar parece quase proibido. H\u00e1 sempre mais uma tarefa, mais uma resposta, mais uma exig\u00eancia, mais um \u201ctenho de\u201d\u2026 Com o tempo, este ritmo constante pode levar a um estado de exaust\u00e3o emocional e mental que nem sempre \u00e9 imediatamente reconhecido. Abrandar n\u00e3o \u00e9 desistir. Abrandar n\u00e3o \u00e9 pregui\u00e7a. Abrandar [&hellip;]","og_url":"https:\/\/cruzverde.pt\/en\/psicologia-reflexao-da-dra-catarina-castro-sobre-a-importancia-de-abrandar\/","og_site_name":"Cruz Verde","article_published_time":"2026-08-14T14:34:13+00:00","article_modified_time":"2026-08-14T14:35:22+00:00","og_image":[{"width":1200,"height":900,"url":"https:\/\/cruzverde.pt\/wp-content\/uploads\/2026\/08\/psicologia-a-importancia-de-abrandar.jpg","type":"image\/jpeg"}],"author":"master","twitter_card":"summary_large_image","twitter_misc":{"Written by":"master","Est. reading time":"2 minutes"},"schema":{"@context":"https:\/\/schema.org","@graph":[{"@type":"Article","@id":"https:\/\/cruzverde.pt\/en\/psicologia-reflexao-da-dra-catarina-castro-sobre-a-importancia-de-abrandar\/#article","isPartOf":{"@id":"https:\/\/cruzverde.pt\/en\/psicologia-reflexao-da-dra-catarina-castro-sobre-a-importancia-de-abrandar\/"},"author":{"name":"master","@id":"https:\/\/cruzverde.pt\/en\/#\/schema\/person\/8d69cb30614c6954586bc1face84c15d"},"headline":"PSICOLOGIA &#8211; reflex\u00e3o da Dra. Catarina Castro sobre a import\u00e2ncia de abrandar","datePublished":"2026-08-14T14:34:13+00:00","dateModified":"2026-08-14T14:35:22+00:00","mainEntityOfPage":{"@id":"https:\/\/cruzverde.pt\/en\/psicologia-reflexao-da-dra-catarina-castro-sobre-a-importancia-de-abrandar\/"},"wordCount":223,"publisher":{"@id":"https:\/\/cruzverde.pt\/en\/#organization"},"image":{"@id":"https:\/\/cruzverde.pt\/en\/psicologia-reflexao-da-dra-catarina-castro-sobre-a-importancia-de-abrandar\/#primaryimage"},"thumbnailUrl":"https:\/\/cruzverde.pt\/wp-content\/uploads\/2026\/08\/psicologia-a-importancia-de-abrandar.jpg","articleSection":["Nutri\u00e7\u00e3o"],"inLanguage":"en-US"},{"@type":"WebPage","@id":"https:\/\/cruzverde.pt\/en\/psicologia-reflexao-da-dra-catarina-castro-sobre-a-importancia-de-abrandar\/","url":"https:\/\/cruzverde.pt\/en\/psicologia-reflexao-da-dra-catarina-castro-sobre-a-importancia-de-abrandar\/","name":"PSICOLOGIA - reflex\u00e3o da Dra. Catarina Castro sobre a import\u00e2ncia de abrandar - Cruz Verde","isPartOf":{"@id":"https:\/\/cruzverde.pt\/en\/#website"},"primaryImageOfPage":{"@id":"https:\/\/cruzverde.pt\/en\/psicologia-reflexao-da-dra-catarina-castro-sobre-a-importancia-de-abrandar\/#primaryimage"},"image":{"@id":"https:\/\/cruzverde.pt\/en\/psicologia-reflexao-da-dra-catarina-castro-sobre-a-importancia-de-abrandar\/#primaryimage"},"thumbnailUrl":"https:\/\/cruzverde.pt\/wp-content\/uploads\/2026\/08\/psicologia-a-importancia-de-abrandar.jpg","datePublished":"2026-08-14T14:34:13+00:00","dateModified":"2026-08-14T14:35:22+00:00","breadcrumb":{"@id":"https:\/\/cruzverde.pt\/en\/psicologia-reflexao-da-dra-catarina-castro-sobre-a-importancia-de-abrandar\/#breadcrumb"},"inLanguage":"en-US","potentialAction":[{"@type":"ReadAction","target":["https:\/\/cruzverde.pt\/en\/psicologia-reflexao-da-dra-catarina-castro-sobre-a-importancia-de-abrandar\/"]}]},{"@type":"ImageObject","inLanguage":"en-US","@id":"https:\/\/cruzverde.pt\/en\/psicologia-reflexao-da-dra-catarina-castro-sobre-a-importancia-de-abrandar\/#primaryimage","url":"https:\/\/cruzverde.pt\/wp-content\/uploads\/2026\/08\/psicologia-a-importancia-de-abrandar.jpg","contentUrl":"https:\/\/cruzverde.pt\/wp-content\/uploads\/2026\/08\/psicologia-a-importancia-de-abrandar.jpg","width":1200,"height":900,"caption":"Dra. Catarina Castro - A import\u00e2ncia de abrandar - Psicologia na Cruz Verde"},{"@type":"BreadcrumbList","@id":"https:\/\/cruzverde.pt\/en\/psicologia-reflexao-da-dra-catarina-castro-sobre-a-importancia-de-abrandar\/#breadcrumb","itemListElement":[{"@type":"ListItem","position":1,"name":"Home","item":"https:\/\/cruzverde.pt\/en\/"},{"@type":"ListItem","position":2,"name":"PSICOLOGIA &#8211; reflex\u00e3o da Dra. Catarina Castro sobre a import\u00e2ncia de abrandar"}]},{"@type":"WebSite","@id":"https:\/\/cruzverde.pt\/en\/#website","url":"https:\/\/cruzverde.pt\/en\/","name":"Cruz Verde","description":"My WordPress Blog","publisher":{"@id":"https:\/\/cruzverde.pt\/en\/#organization"},"potentialAction":[{"@type":"SearchAction","target":{"@type":"EntryPoint","urlTemplate":"https:\/\/cruzverde.pt\/en\/?s={search_term_string}"},"query-input":{"@type":"PropertyValueSpecification","valueRequired":true,"valueName":"search_term_string"}}],"inLanguage":"en-US"},{"@type":"Organization","@id":"https:\/\/cruzverde.pt\/en\/#organization","name":"Cruz Verde","url":"https:\/\/cruzverde.pt\/en\/","logo":{"@type":"ImageObject","inLanguage":"en-US","@id":"https:\/\/cruzverde.pt\/en\/#\/schema\/logo\/image\/","url":"https:\/\/cruzverde.pt\/wp-content\/uploads\/2026\/05\/CV-com-frase-Horizontal-logotipo_big-Converted.png","contentUrl":"https:\/\/cruzverde.pt\/wp-content\/uploads\/2026\/05\/CV-com-frase-Horizontal-logotipo_big-Converted.png","width":1701,"height":392,"caption":"Cruz Verde"},"image":{"@id":"https:\/\/cruzverde.pt\/en\/#\/schema\/logo\/image\/"}},{"@type":"Person","@id":"https:\/\/cruzverde.pt\/en\/#\/schema\/person\/8d69cb30614c6954586bc1face84c15d","name":"master","image":{"@type":"ImageObject","inLanguage":"en-US","@id":"https:\/\/secure.gravatar.com\/avatar\/7bb03eb4f12f9181edab20be17f0576353a096fec16b60ef6c49c5f7ad1208cc?s=96&d=mm&r=g","url":"https:\/\/secure.gravatar.com\/avatar\/7bb03eb4f12f9181edab20be17f0576353a096fec16b60ef6c49c5f7ad1208cc?s=96&d=mm&r=g","contentUrl":"https:\/\/secure.gravatar.com\/avatar\/7bb03eb4f12f9181edab20be17f0576353a096fec16b60ef6c49c5f7ad1208cc?s=96&d=mm&r=g","caption":"master"},"sameAs":["https:\/\/cruzverde.pt"],"url":"https:\/\/cruzverde.pt\/en\/author\/master\/"}]}},"_links":{"self":[{"href":"https:\/\/cruzverde.pt\/en\/wp-json\/wp\/v2\/posts\/3610","targetHints":{"allow":["GET"]}}],"collection":[{"href":"https:\/\/cruzverde.pt\/en\/wp-json\/wp\/v2\/posts"}],"about":[{"href":"https:\/\/cruzverde.pt\/en\/wp-json\/wp\/v2\/types\/post"}],"author":[{"embeddable":true,"href":"https:\/\/cruzverde.pt\/en\/wp-json\/wp\/v2\/users\/1"}],"replies":[{"embeddable":true,"href":"https:\/\/cruzverde.pt\/en\/wp-json\/wp\/v2\/comments?post=3610"}],"version-history":[{"count":3,"href":"https:\/\/cruzverde.pt\/en\/wp-json\/wp\/v2\/posts\/3610\/revisions"}],"predecessor-version":[{"id":3614,"href":"https:\/\/cruzverde.pt\/en\/wp-json\/wp\/v2\/posts\/3610\/revisions\/3614"}],"wp:featuredmedia":[{"embeddable":true,"href":"https:\/\/cruzverde.pt\/en\/wp-json\/wp\/v2\/media\/3611"}],"wp:attachment":[{"href":"https:\/\/cruzverde.pt\/en\/wp-json\/wp\/v2\/media?parent=3610"}],"wp:term":[{"taxonomy":"category","embeddable":true,"href":"https:\/\/cruzverde.pt\/en\/wp-json\/wp\/v2\/categories?post=3610"},{"taxonomy":"post_tag","embeddable":true,"href":"https:\/\/cruzverde.pt\/en\/wp-json\/wp\/v2\/tags?post=3610"}],"curies":[{"name":"wp","href":"https:\/\/api.w.org\/{rel}","templated":true}]}}